{"id":264998,"date":"2026-08-31T14:39:19","date_gmt":"2026-08-31T14:39:19","guid":{"rendered":"https:\/\/www.europesays.com\/ee\/264998\/"},"modified":"2026-08-31T14:39:19","modified_gmt":"2026-08-31T14:39:19","slug":"pildid-vabaduse-galeriis-avati-kulliki-jarvila-isikunaitus-kunst","status":"publish","type":"post","link":"https:\/\/www.europesays.com\/ee\/264998\/","title":{"rendered":"Pildid: Vabaduse galeriis avati K\u00fclliki J\u00e4rvila isikun\u00e4itus | Kunst"},"content":{"rendered":"<p>28. augustil avati Tallinnas Vabaduse galeriis K\u00fclliki J\u00e4rvila isikun\u00e4itus &#8220;Apokal\u00fcptiline 7&#8221;.<\/p>\n<p>Pealkirjas mainitud apokal\u00fcpsis t\u00e4hendab kreeka keeles katte eemaldamist ehk peidetu esile toomist \u2013 n\u00e4itust peaks m\u00f5istma kui n\u00e4gemust maailmast ja inimese osast selles, kuidas inimhing vastutab maailma kestmise eest.\u00a0<\/p>\n<p>J\u00e4rvila esitab n\u00e4itusel k\u00f5igi viie elemendi energeetilised pildid, mis kajavad kokku universumi numeroloogilise alusstruktuuriga. Neli klassikalist elementi ehk maailma aluskivi: tuli, vesi, \u00f5hk ja maa s\u00f5ltuvad \u00f5nnelikust inimesest ehk viiendast elemendist.<\/p>\n<p>K\u00fclliki J\u00e4rvila\u00a0on graafik, akvarellist, kalligraaf ja kunstipedagoog, kes on kunstnikuna tegutsenud \u00fcle 40 aasta. Ta on s\u00fcndinud Tallinnas ja \u00f5ppinud Eesti Kunstiakadeemias graafikat aastatel 1974\u20131980. Peale akadeemia l\u00f5petamist on J\u00e4rvila esinenud isiku- ja grupin\u00e4itustel Eestis, L\u00e4tis, Soomes, Taanis, Rootsis, Saksamaal, Kanadas, Itaalias ja Prantsusmaal. Alates 1983. aastast elab ja tegutseb J\u00e4rvila Saaremaal.<\/p>\n<p>&#8220;Apokal\u00fcptiline 7&#8221; j\u00e4\u00e4b Vabaduse galeriis avatuks kuni\u00a030. septembrini.<\/p>\n","protected":false},"excerpt":{"rendered":"28. augustil avati Tallinnas Vabaduse galeriis K\u00fclliki J\u00e4rvila isikun\u00e4itus &#8220;Apokal\u00fcptiline 7&#8221;. Pealkirjas mainitud apokal\u00fcpsis t\u00e4hendab kreeka keeles katte&hellip;\n","protected":false},"author":2,"featured_media":264999,"comment_status":"","ping_status":"","sticky":false,"template":"","format":"standard","meta":{"footnotes":"","_share_on_mastodon":"0"},"categories":[16],"tags":[102899,37,33,35,173,34,36,102898,190,140,1879],"class_list":["post-264998","post","type-post","status-publish","format-standard","has-post-thumbnail","category-meelelahutus","tag-apokaluptiline-7","tag-ee","tag-eesti","tag-eesti-keel","tag-entertainment","tag-estonia","tag-estonian","tag-kulliki-jarvila","tag-kunst","tag-meelelahutus","tag-vabaduse-galerii"],"share_on_mastodon":{"url":"https:\/\/pubeurope.com\/@ee\/117190640758959225","error":""},"_links":{"self":[{"href":"https:\/\/www.europesays.com\/ee\/wp-json\/wp\/v2\/posts\/264998","targetHints":{"allow":["GET"]}}],"collection":[{"href":"https:\/\/www.europesays.com\/ee\/wp-json\/wp\/v2\/posts"}],"about":[{"href":"https:\/\/www.europesays.com\/ee\/wp-json\/wp\/v2\/types\/post"}],"author":[{"embeddable":true,"href":"https:\/\/www.europesays.com\/ee\/wp-json\/wp\/v2\/users\/2"}],"replies":[{"embeddable":true,"href":"https:\/\/www.europesays.com\/ee\/wp-json\/wp\/v2\/comments?post=264998"}],"version-history":[{"count":0,"href":"https:\/\/www.europesays.com\/ee\/wp-json\/wp\/v2\/posts\/264998\/revisions"}],"wp:featuredmedia":[{"embeddable":true,"href":"https:\/\/www.europesays.com\/ee\/wp-json\/wp\/v2\/media\/264999"}],"wp:attachment":[{"href":"https:\/\/www.europesays.com\/ee\/wp-json\/wp\/v2\/media?parent=264998"}],"wp:term":[{"taxonomy":"category","embeddable":true,"href":"https:\/\/www.europesays.com\/ee\/wp-json\/wp\/v2\/categories?post=264998"},{"taxonomy":"post_tag","embeddable":true,"href":"https:\/\/www.europesays.com\/ee\/wp-json\/wp\/v2\/tags?post=264998"}],"curies":[{"name":"wp","href":"https:\/\/api.w.org\/{rel}","templated":true}]}}