{"id":265002,"date":"2026-08-31T14:41:14","date_gmt":"2026-08-31T14:41:14","guid":{"rendered":"https:\/\/www.europesays.com\/ee\/265002\/"},"modified":"2026-08-31T14:41:14","modified_gmt":"2026-08-31T14:41:14","slug":"chatgpt-sai-esimese-tehisaru-juturobotina-rangemad-el-i-reeglid-valismaa","status":"publish","type":"post","link":"https:\/\/www.europesays.com\/ee\/265002\/","title":{"rendered":"ChatGPT sai esimese tehisaru juturobotina rangemad EL-i reeglid | V\u00e4lismaa"},"content":{"rendered":"<p>Euroopa Liit lisas esmasp\u00e4eval ChatGPT rangema \u00f5igusliku j\u00e4relevalve alla kuuluvate digiteenuste nimekirja, mis t\u00e4hendab, et juturobot peab hakkama j\u00e4rgima senisest karmimaid ohutusn\u00f5udeid. See on esimene kord, kui sellised reeglid laienevad tehisintellektil p\u00f5hinevale juturobotile.<\/p>\n<p>Lisaks liigitas Br\u00fcssel Redditi ja Robloxi v\u00e4ga suurteks veebiplatvormideks, mis on staatus, millega kaasnevad t\u00e4iendavad kohustused ja j\u00e4relevalve.<\/p>\n<p>&#8220;ChatGPT, Reddit ja Roblox peavad n\u00fc\u00fcd Euroopa Liidus vastama k\u00f5rgematele j\u00e4relevalve- ja vastutusstandarditele, mis on koosk\u00f5las nende suure m\u00f5juga meie kodanikele ja \u00fchiskonnale,&#8221; \u00fctles Euroopa Komisjoni tehnoloogiavolinik Henna Virkkunen.<\/p>\n<p>Komisjoni teatel kohaldatakse v\u00e4ga suure platvormi m\u00e4\u00e4ratlust platvormidele ja otsingumootoritele, millel on 27-liikmelises \u00fchenduses \u00fcle 45 miljoni igakuise aktiivse kasutaja. ChatGPT, Reddit ja Roblox teatasid selle k\u00fcnnise \u00fcletamisest.<\/p>\n<p>Kolmel platvormil on n\u00fc\u00fcd neli kuud aega, et t\u00e4ita digiteenuste m\u00e4\u00e4ruse (DSA) lisan\u00f5udeid. See sisuseadus on oluline osa EL-i \u00f5iguslikust arsenalist, mida on viimastel aastatel kasutatud suurte tehnoloogiaettev\u00f5tete ohjeldamiseks.<\/p>\n<p>Nende kohustuste hulka kuulub oma teenusest ja algoritmilistest s\u00fcsteemidest tulenevate s\u00fcsteemsete riskide hindamine ja leevendamine, mis on seotud ebaseadusliku sisu levitamisega ning negatiivse m\u00f5juga alaealistele, kasutajate f\u00fc\u00fcsilisele ja vaimsele heaolule, p\u00f5hi\u00f5igustele, valimisprotsessidele ja avalikule julgeolekule, teatas Br\u00fcssel.<\/p>\n<p>Selleks, et tuua ChatGPT digiteenuste m\u00e4\u00e4ruse reguleerimisalasse, liigitas komisjon selle otsingumootoriks.<\/p>\n<p>Saksa tehnoloogia m\u00f5ttekoja Interface esindaja Lena-Maria Boswald \u00fctles enne teadet, et oodatav samm loob pretsedendi ja m\u00f5jutab regulatiivseid ootusi igale suurele generatiivsele tehisintellektis\u00fcsteemile, mida EL-is kasutatakse.<\/p>\n<p>&#8220;OpenAI-l on tehisintellekti m\u00e4\u00e4ruse alusel juba riskijuhtimiskohustused, kuid digiteenuste m\u00e4\u00e4rus v\u00f5ib selle ulatust laiendada,&#8221; \u00fctles Lena-Maria Boswald.<\/p>\n","protected":false},"excerpt":{"rendered":"Euroopa Liit lisas esmasp\u00e4eval ChatGPT rangema \u00f5igusliku j\u00e4relevalve alla kuuluvate digiteenuste nimekirja, mis t\u00e4hendab, et juturobot peab hakkama&hellip;\n","protected":false},"author":2,"featured_media":265003,"comment_status":"","ping_status":"","sticky":false,"template":"","format":"standard","meta":{"footnotes":"","_share_on_mastodon":"0"},"categories":[14],"tags":[131,130,50139,37,33,35,34,36,590,373],"class_list":["post-265002","post","type-post","status-publish","format-standard","has-post-thumbnail","category-ari","tag-ari","tag-business","tag-chat-gpt","tag-ee","tag-eesti","tag-eesti-keel","tag-estonia","tag-estonian","tag-euroopa-liit","tag-tehisintellekt"],"share_on_mastodon":{"url":"https:\/\/pubeurope.com\/@ee\/117190649101022833","error":""},"_links":{"self":[{"href":"https:\/\/www.europesays.com\/ee\/wp-json\/wp\/v2\/posts\/265002","targetHints":{"allow":["GET"]}}],"collection":[{"href":"https:\/\/www.europesays.com\/ee\/wp-json\/wp\/v2\/posts"}],"about":[{"href":"https:\/\/www.europesays.com\/ee\/wp-json\/wp\/v2\/types\/post"}],"author":[{"embeddable":true,"href":"https:\/\/www.europesays.com\/ee\/wp-json\/wp\/v2\/users\/2"}],"replies":[{"embeddable":true,"href":"https:\/\/www.europesays.com\/ee\/wp-json\/wp\/v2\/comments?post=265002"}],"version-history":[{"count":0,"href":"https:\/\/www.europesays.com\/ee\/wp-json\/wp\/v2\/posts\/265002\/revisions"}],"wp:featuredmedia":[{"embeddable":true,"href":"https:\/\/www.europesays.com\/ee\/wp-json\/wp\/v2\/media\/265003"}],"wp:attachment":[{"href":"https:\/\/www.europesays.com\/ee\/wp-json\/wp\/v2\/media?parent=265002"}],"wp:term":[{"taxonomy":"category","embeddable":true,"href":"https:\/\/www.europesays.com\/ee\/wp-json\/wp\/v2\/categories?post=265002"},{"taxonomy":"post_tag","embeddable":true,"href":"https:\/\/www.europesays.com\/ee\/wp-json\/wp\/v2\/tags?post=265002"}],"curies":[{"name":"wp","href":"https:\/\/api.w.org\/{rel}","templated":true}]}}