{"id":265004,"date":"2026-08-31T14:42:10","date_gmt":"2026-08-31T14:42:10","guid":{"rendered":"https:\/\/www.europesays.com\/ee\/265004\/"},"modified":"2026-08-31T14:42:10","modified_gmt":"2026-08-31T14:42:10","slug":"kalapuuk-kaalus-julgeolekumured-islandi-eli-referendumil-ules-maailm-postimees-ee","status":"publish","type":"post","link":"https:\/\/www.europesays.com\/ee\/265004\/","title":{"rendered":"Kalap\u00fc\u00fck kaalus julgeolekumured Islandi ELi referendumil \u00fcles &#8211; Maailm &#8211; Postimees.ee"},"content":{"rendered":"<ol>\n<li><a href=\"https:\/\/news.google.com\/rss\/articles\/CBMingFBVV95cUxNdng2azRTcEZXaVFGUzVXT1hSdXE1ODFGTTFPOVBEa3lJMHhTR2hKVy1SRERLOTU1c2J4a2lEWEpKNHN3SkFzUktneDAxa2ZrRzhqRExDUWZrczlENHowT284M0hDcnpkZGNlQzlnU3BXYVNuMGc4TV9pRkoxZTEzZWpEeGVMVGZteXJwV0o5aU5jNjRfdTFNeHdUYWM5Zw?oc=5\" target=\"_blank\" rel=\"nofollow noopener\">Kalap\u00fc\u00fck kaalus julgeolekumured Islandi ELi referendumil \u00fcles<\/a>&nbsp;&nbsp;Maailm &#8211; Postimees.ee<\/li>\n<li><a href=\"https:\/\/news.google.com\/rss\/articles\/CBMinwFBVV95cUxQN0ZnWmdoM0VTbGwwT1psOG9PMUlpMWFoNk1GTnlnLTkzOUJET0lidzI5U2FsMWhrbWMtOEd3SDBpRVNYOXlBRHAwVy10T2EtN19WQktzZTJmZXRhcS1zVDRQMmxiVnRIQ2ctUlpjNElKRTlIdzQ3bXZmUUtqMlp2Q2s2eTZDaDJ0VmZiUGZLM205QjBnXzFUTUpVbFVOek0?oc=5\" target=\"_blank\" rel=\"nofollow noopener\">Islandlased h\u00e4\u00e4letasid EL-iga liitumisl\u00e4bir\u00e4\u00e4kimiste j\u00e4tkamise vastu<\/a>&nbsp;&nbsp;ERR<\/li>\n<li><a href=\"https:\/\/news.google.com\/rss\/articles\/CBMiwgFBVV95cUxNRU1UYlZ0RGxEaUlGSDBoeTFJMFl2THFYekIyNXBlTFA1YU9FS0RrMHA1X0Z3QS1DSjF1X0pudjU2QUNEUTBtRHFJVG5mYUVxU3l6WWowYVdZZlFlTkp6Z2VGSnpNcUQ1Zmk3M0xsVy1zTlppZ1RxcnpsRmFTTzZJYkEzODlSVHhORUtVUzBmVHRXSjkzTzFldTFjcDBXRi1CRHR3MzItNFA1TTFwOHpfcDRGejVrTEJjbWRJSnJDQXNiZw?oc=5\" target=\"_blank\" rel=\"nofollow noopener\">V\u00e4listoimetaja: Islandi vastuseisu ELile vedasid linna ja maa konflikt ning kalap\u00fc\u00fck<\/a>&nbsp;&nbsp;\u00c4rip\u00e4ev<\/li>\n<li><a href=\"https:\/\/news.google.com\/rss\/articles\/CBMifEFVX3lxTFAzSlVzYXlkWmZSOU11Q25ra2YxMGY1WkJlaUZ6M3JmNk44eFV6Z2xRa2ZsXzJoeDNURVFWaHdVN0ZMXzVlZS1mUUtST0tKbERWdEs0VUVWbmtaWTVKRlJ6UnhGVFVtdHNpTVItdXlzTE9tRFNLNkRnNjMtS3o?oc=5\" target=\"_blank\" rel=\"nofollow noopener\">Island \u00fctles \u201eei\u201d liitumisele Euroopa Liiduga<\/a>&nbsp;&nbsp;eestinen<\/li>\n<li><a href=\"https:\/\/news.google.com\/rss\/articles\/CBMisgFBVV95cUxNT3psWDl1NzJINjdadVJHLW5qdk1XQkgtLXF5b1JzY0d6ZFh1N3RaSmh5UDdNVV9mQXNzbGE2c3NnWGFXN1Q5bGc4UGQzWkFnU0hLQmowd0pDLW8xTVhQVlVtTnE4WFlSTFZjYVRDcVZaN0tNdkxHeWZncXN3MGt3WEZFRVE0NzBRRHVOeEJFc3RVeXlmdE5GNjVUYkZBbnRXTXNrNEQ1RDZDOHNhWUU1WTJB?oc=5\" target=\"_blank\" rel=\"nofollow noopener\">Island l\u00fckkas referendumil tagasi ELiga liitumise plaani<\/a>&nbsp;&nbsp;Inbox.eu<\/li>\n<\/ol>\n","protected":false},"excerpt":{"rendered":"Kalap\u00fc\u00fck kaalus julgeolekumured Islandi ELi referendumil \u00fcles&nbsp;&nbsp;Maailm &#8211; Postimees.ee Islandlased h\u00e4\u00e4letasid EL-iga liitumisl\u00e4bir\u00e4\u00e4kimiste j\u00e4tkamise vastu&nbsp;&nbsp;ERR V\u00e4listoimetaja: Islandi vastuseisu&hellip;\n","protected":false},"author":2,"featured_media":265005,"comment_status":"","ping_status":"","sticky":false,"template":"","format":"standard","meta":{"footnotes":"","_share_on_mastodon":"0"},"categories":[80],"tags":[26,27,37,33,35,34,36,590,31,32,21,3722,2407,102901,22309,59083,54367,28,29,95,54,19,25,17533,23,24,22,20,30,92,93,94],"class_list":["post-265004","post","type-post","status-publish","format-standard","has-post-thumbnail","category-maailm","tag-breaking-news","tag-breakingnews","tag-ee","tag-eesti","tag-eesti-keel","tag-estonia","tag-estonian","tag-euroopa-liit","tag-featured-news","tag-featurednews","tag-headlines","tag-inflatsioon","tag-island","tag-islandi-liitumiskonelused-euroopa-liiduga","tag-julgeolekupoliitika","tag-kalanduspoliitika","tag-kristrun-frostadottir","tag-latest-news","tag-latestnews","tag-maailm","tag-nato","tag-news","tag-populaarseimad-lood","tag-rahvahaaletus","tag-top-stories","tag-topstories","tag-uldised-uudised","tag-uudised","tag-viimased-uudised","tag-world","tag-world-news","tag-worldnews"],"share_on_mastodon":{"url":"","error":"Validation failed: Text character limit of 500 exceeded"},"_links":{"self":[{"href":"https:\/\/www.europesays.com\/ee\/wp-json\/wp\/v2\/posts\/265004","targetHints":{"allow":["GET"]}}],"collection":[{"href":"https:\/\/www.europesays.com\/ee\/wp-json\/wp\/v2\/posts"}],"about":[{"href":"https:\/\/www.europesays.com\/ee\/wp-json\/wp\/v2\/types\/post"}],"author":[{"embeddable":true,"href":"https:\/\/www.europesays.com\/ee\/wp-json\/wp\/v2\/users\/2"}],"replies":[{"embeddable":true,"href":"https:\/\/www.europesays.com\/ee\/wp-json\/wp\/v2\/comments?post=265004"}],"version-history":[{"count":0,"href":"https:\/\/www.europesays.com\/ee\/wp-json\/wp\/v2\/posts\/265004\/revisions"}],"wp:featuredmedia":[{"embeddable":true,"href":"https:\/\/www.europesays.com\/ee\/wp-json\/wp\/v2\/media\/265005"}],"wp:attachment":[{"href":"https:\/\/www.europesays.com\/ee\/wp-json\/wp\/v2\/media?parent=265004"}],"wp:term":[{"taxonomy":"category","embeddable":true,"href":"https:\/\/www.europesays.com\/ee\/wp-json\/wp\/v2\/categories?post=265004"},{"taxonomy":"post_tag","embeddable":true,"href":"https:\/\/www.europesays.com\/ee\/wp-json\/wp\/v2\/tags?post=265004"}],"curies":[{"name":"wp","href":"https:\/\/api.w.org\/{rel}","templated":true}]}}