{"id":265010,"date":"2026-08-31T14:50:13","date_gmt":"2026-08-31T14:50:13","guid":{"rendered":"https:\/\/www.europesays.com\/ee\/265010\/"},"modified":"2026-08-31T14:50:13","modified_gmt":"2026-08-31T14:50:13","slug":"klops-hoissa-pulmad-billie-eilishi-vend-abiellus-kallimaga","status":"publish","type":"post","link":"https:\/\/www.europesays.com\/ee\/265010\/","title":{"rendered":"KL\u00d5PS | H\u00f5issa, pulmad! Billie Eilishi vend abiellus kallimaga"},"content":{"rendered":"<p>Billie Eilishi vend Finneas tegi Sulewskile abieluettepaneku 2025. aasta septembris p\u00e4rast seitset aastat kestnud suhet.<\/p>\n<p>Finneas (29) on tunnustatud muusikaprodutsent, kes on eelk\u00f5ige tuntud koost\u00f6\u00f6 poolest oma \u00f5e Billie Eilishiga. Tema v\u00e4ljavalitu Sulewski (30) on saatejuht, n\u00e4itleja ja nahahooldusbr\u00e4ndi CYKLAR Skincare asutaja.<\/p>\n<p><img decoding=\"async\" src=\"https:\/\/www.europesays.com\/ee\/wp-content\/uploads\/2026\/08\/df0b9bbe-e279-48f7-9baf-c48208ac17b7.jpg\" loading=\"lazy\" alt=\"Claudia Sulewski ja Finneas\"\/><\/p>\n<p>Just Billie viis l\u00e4bi venna ja Sulewski abielutseremoonia. Pulmak\u00fclaliste seas olid ka mitmed tuntud nimed, sealhulgas Nina Dobrev, Kristen Bell, Emma Chamberlain ning Justin ja Hailey Bieber.<\/p>\n<p>Finneas kohtus Sulewskiga 2018. aastal kohtingu\u00e4pi vahendusel. Aasta hiljem r\u00e4\u00e4kis ta BuzzFeedile, et kirjutas Sulewskist inspireeritud loo \u201eClaudia\u201c vaid m\u00f5ne tunni jooksul p\u00e4rast nende kohtumist. Paar on suhte jooksul j\u00e4tkanud ka loomingulist koost\u00f6\u00f6d. <\/p>\n<p>Kuidas see lugu Sind end tundma pani?Saada<a href=\"https:\/\/kroonika.delfi.ee\/artikkel\/120607195\/klops-hoissa-pulmad-billie-eilishi-produtsendist-vend-abiellus-kallimaga\/kommentaarid\" class=\"button button--primary button--size-auto article-body-bottom__comment article-body-bottom__comment--write\" style=\"\" rel=\"nofollow noopener\" target=\"_blank\">Kommenteeri<\/a><a href=\"https:\/\/kroonika.delfi.ee\/artikkel\/120607195\/klops-hoissa-pulmad-billie-eilishi-produtsendist-vend-abiellus-kallimaga\/kommentaarid\" class=\"button button--size-auto article-body-bottom__comment article-body-bottom__comment--read\" style=\"\" rel=\"nofollow noopener\" target=\"_blank\">Loe kommentaare <\/a><\/p>\n","protected":false},"excerpt":{"rendered":"Billie Eilishi vend Finneas tegi Sulewskile abieluettepaneku 2025. aasta septembris p\u00e4rast seitset aastat kestnud suhet. Finneas (29) on&hellip;\n","protected":false},"author":2,"featured_media":265011,"comment_status":"","ping_status":"","sticky":false,"template":"","format":"standard","meta":{"footnotes":"","_share_on_mastodon":"0"},"categories":[16],"tags":[6958,37,33,35,173,34,36,140],"class_list":["post-265010","post","type-post","status-publish","format-standard","has-post-thumbnail","category-meelelahutus","tag-billie-eilish","tag-ee","tag-eesti","tag-eesti-keel","tag-entertainment","tag-estonia","tag-estonian","tag-meelelahutus"],"share_on_mastodon":{"url":"https:\/\/pubeurope.com\/@ee\/117190684369734205","error":""},"_links":{"self":[{"href":"https:\/\/www.europesays.com\/ee\/wp-json\/wp\/v2\/posts\/265010","targetHints":{"allow":["GET"]}}],"collection":[{"href":"https:\/\/www.europesays.com\/ee\/wp-json\/wp\/v2\/posts"}],"about":[{"href":"https:\/\/www.europesays.com\/ee\/wp-json\/wp\/v2\/types\/post"}],"author":[{"embeddable":true,"href":"https:\/\/www.europesays.com\/ee\/wp-json\/wp\/v2\/users\/2"}],"replies":[{"embeddable":true,"href":"https:\/\/www.europesays.com\/ee\/wp-json\/wp\/v2\/comments?post=265010"}],"version-history":[{"count":0,"href":"https:\/\/www.europesays.com\/ee\/wp-json\/wp\/v2\/posts\/265010\/revisions"}],"wp:featuredmedia":[{"embeddable":true,"href":"https:\/\/www.europesays.com\/ee\/wp-json\/wp\/v2\/media\/265011"}],"wp:attachment":[{"href":"https:\/\/www.europesays.com\/ee\/wp-json\/wp\/v2\/media?parent=265010"}],"wp:term":[{"taxonomy":"category","embeddable":true,"href":"https:\/\/www.europesays.com\/ee\/wp-json\/wp\/v2\/categories?post=265010"},{"taxonomy":"post_tag","embeddable":true,"href":"https:\/\/www.europesays.com\/ee\/wp-json\/wp\/v2\/tags?post=265010"}],"curies":[{"name":"wp","href":"https:\/\/api.w.org\/{rel}","templated":true}]}}