{"id":265012,"date":"2026-08-31T14:51:26","date_gmt":"2026-08-31T14:51:26","guid":{"rendered":"https:\/\/www.europesays.com\/ee\/265012\/"},"modified":"2026-08-31T14:51:26","modified_gmt":"2026-08-31T14:51:26","slug":"vigastuspausilt-naasnud-kait-aitas-thuni-voidule-jalgpall","status":"publish","type":"post","link":"https:\/\/www.europesays.com\/ee\/265012\/","title":{"rendered":"Vigastuspausilt naasnud K\u00e4it aitas Thuni v\u00f5idule | Jalgpall"},"content":{"rendered":"<p>Eesti jalgpallikoondislane Mattias K\u00e4it naasis vigastuspausilt ja toetas Thuni seitsmev\u00e4ravalises trilleris v\u00f5idule. Maksim Paskot\u0161i j\u00e4i taas pingile.<\/p>\n<p>K\u00e4it ravis jala terveks ja l\u00f5petas \u00fcle kuu kestnud vigastuspausi, kui sekkus Thuni n\u00e4rves\u00f6\u00f6vasse v\u00f5idum\u00e4ngu 79. minutil vahetusest. Kohtumine St. Galleniga sai hoo sisse juba 9. minutil, kui v\u00e4rava l\u00f5i Thun, kes v\u00f5itis ka avapoolaja. Teisel kolmveerandtunni esimestel minutitel skoorisid m\u00f5lemad leerid, siis uuesti Thun, tehes 58. minutil eduseisuks 4:1. St. Gallen l\u00f5i 75. minutil veel \u00fche tagasi ja 90. minutil kolmandagi, ent K\u00e4idi leerilt kolme punkti k\u00e4tte ei saanud, vahendab Soccernet.ee.<\/p>\n<p>\u0160veitsi k\u00f5rgliiga hooaja neljandas m\u00e4ngus saadud 4:3 v\u00f5it kergitas Thuni kuuele punktile ja kuuendale kohale.<\/p>\n<p>Paskot\u0161i j\u00e4i see-eest teist m\u00e4ngu j\u00e4rjest Genti vahetuspingile. Kui n\u00e4dala sees polnud tema oskusi tarvis Hiberniani vastu, siis liigam\u00e4ngus Club Brugge vastu moodustasid kolmese kaitseliini taas El Bachir Ngom, Christian Burgess ja Siebe Van Der Heyden. Gent alistas v\u00e4hemuses l\u00f5petanud Club Brugge l\u00f5puks 2:1.<\/p>\n<p><a href=\"https:\/\/soccernet.ee\/artikkel\/kait-lopetas-vigastuspausi-eriti-magusas-trilleris\" target=\"_blank\" rel=\"noopener nofollow\">Loe pikemalt portaalist Soccernet.ee.<\/a><\/p>\n","protected":false},"excerpt":{"rendered":"Eesti jalgpallikoondislane Mattias K\u00e4it naasis vigastuspausilt ja toetas Thuni seitsmev\u00e4ravalises trilleris v\u00f5idule. Maksim Paskot\u0161i j\u00e4i taas pingile. K\u00e4it&hellip;\n","protected":false},"author":2,"featured_media":265013,"comment_status":"","ping_status":"","sticky":false,"template":"","format":"standard","meta":{"footnotes":"","_share_on_mastodon":"0"},"categories":[18],"tags":[37,33,35,34,36,3094,5651,159,158],"class_list":["post-265012","post","type-post","status-publish","format-standard","has-post-thumbnail","category-sport","tag-ee","tag-eesti","tag-eesti-keel","tag-estonia","tag-estonian","tag-maksim-paskotsi","tag-mattias-kait","tag-sport","tag-sports"],"share_on_mastodon":{"url":"https:\/\/pubeurope.com\/@ee\/117190687636584424","error":""},"_links":{"self":[{"href":"https:\/\/www.europesays.com\/ee\/wp-json\/wp\/v2\/posts\/265012","targetHints":{"allow":["GET"]}}],"collection":[{"href":"https:\/\/www.europesays.com\/ee\/wp-json\/wp\/v2\/posts"}],"about":[{"href":"https:\/\/www.europesays.com\/ee\/wp-json\/wp\/v2\/types\/post"}],"author":[{"embeddable":true,"href":"https:\/\/www.europesays.com\/ee\/wp-json\/wp\/v2\/users\/2"}],"replies":[{"embeddable":true,"href":"https:\/\/www.europesays.com\/ee\/wp-json\/wp\/v2\/comments?post=265012"}],"version-history":[{"count":0,"href":"https:\/\/www.europesays.com\/ee\/wp-json\/wp\/v2\/posts\/265012\/revisions"}],"wp:featuredmedia":[{"embeddable":true,"href":"https:\/\/www.europesays.com\/ee\/wp-json\/wp\/v2\/media\/265013"}],"wp:attachment":[{"href":"https:\/\/www.europesays.com\/ee\/wp-json\/wp\/v2\/media?parent=265012"}],"wp:term":[{"taxonomy":"category","embeddable":true,"href":"https:\/\/www.europesays.com\/ee\/wp-json\/wp\/v2\/categories?post=265012"},{"taxonomy":"post_tag","embeddable":true,"href":"https:\/\/www.europesays.com\/ee\/wp-json\/wp\/v2\/tags?post=265012"}],"curies":[{"name":"wp","href":"https:\/\/api.w.org\/{rel}","templated":true}]}}