{"id":265016,"date":"2026-08-31T14:53:31","date_gmt":"2026-08-31T14:53:31","guid":{"rendered":"https:\/\/www.europesays.com\/ee\/265016\/"},"modified":"2026-08-31T14:53:31","modified_gmt":"2026-08-31T14:53:31","slug":"meediauurimus-tuvastas-ule-242-000-ukrainas-hukkunud-vene-soduri","status":"publish","type":"post","link":"https:\/\/www.europesays.com\/ee\/265016\/","title":{"rendered":"Meediauurimus tuvastas \u00fcle 242 000 Ukrainas hukkunud Vene s\u00f5duri"},"content":{"rendered":"<p>Venemaa s\u00f5ltumatu meediav\u00e4ljaanne Mediazona kinnitas koost\u00f6\u00f6s Suurbritannia rahvusringh\u00e4\u00e4lingu BBC venekeelse teenistusega 242 747 Ukrainas hukkunud Vene s\u00f5jav\u00e4elase isikud, edastas esmasp\u00e4eval ajaleht Kyiv Independent.<\/p>\n<p>Alates viimasest andmete uuendamisest augusti keskel on hukkunute nimekirja lisatud 3393 Vene s\u00f5duri nimed. Uusim kokkuv\u00f5te h\u00f5lmab kinnitatud s\u00f5jav\u00e4elaste surmajuhtumeid ajavahemikus 24. veebruarist 2022. aastal kuni 27. augustini 2026. aastal.<\/p>\n","protected":false},"excerpt":{"rendered":"Venemaa s\u00f5ltumatu meediav\u00e4ljaanne Mediazona kinnitas koost\u00f6\u00f6s Suurbritannia rahvusringh\u00e4\u00e4lingu BBC venekeelse teenistusega 242 747 Ukrainas hukkunud Vene s\u00f5jav\u00e4elase isikud,&hellip;\n","protected":false},"author":2,"featured_media":265017,"comment_status":"","ping_status":"","sticky":false,"template":"","format":"standard","meta":{"footnotes":"","_share_on_mastodon":"0"},"categories":[80],"tags":[3606,26,27,37,33,35,34,36,31,32,21,25389,63070,28,29,95,3818,6822,19,25,107,102904,23,24,262,102903,22,20,17297,96,88718,30,263,92,93,94],"class_list":["post-265016","post","type-post","status-publish","format-standard","has-post-thumbnail","category-maailm","tag-bbc","tag-breaking-news","tag-breakingnews","tag-ee","tag-eesti","tag-eesti-keel","tag-estonia","tag-estonian","tag-featured-news","tag-featurednews","tag-headlines","tag-korolo-budanov","tag-kyiv-independent","tag-latest-news","tag-latestnews","tag-maailm","tag-mediazona","tag-mobilisatsioon","tag-news","tag-populaarseimad-lood","tag-soda-ukrainas","tag-sojalised-kaotused","tag-top-stories","tag-topstories","tag-ukraina","tag-ukraina-relvajoudude-peastaap","tag-uldised-uudised","tag-uudised","tag-vene-sodurid","tag-venemaa","tag-venemaa-relvajoud","tag-viimased-uudised","tag-volodomor-zelenskoi","tag-world","tag-world-news","tag-worldnews"],"share_on_mastodon":{"url":"","error":"Validation failed: Text character limit of 500 exceeded"},"_links":{"self":[{"href":"https:\/\/www.europesays.com\/ee\/wp-json\/wp\/v2\/posts\/265016","targetHints":{"allow":["GET"]}}],"collection":[{"href":"https:\/\/www.europesays.com\/ee\/wp-json\/wp\/v2\/posts"}],"about":[{"href":"https:\/\/www.europesays.com\/ee\/wp-json\/wp\/v2\/types\/post"}],"author":[{"embeddable":true,"href":"https:\/\/www.europesays.com\/ee\/wp-json\/wp\/v2\/users\/2"}],"replies":[{"embeddable":true,"href":"https:\/\/www.europesays.com\/ee\/wp-json\/wp\/v2\/comments?post=265016"}],"version-history":[{"count":0,"href":"https:\/\/www.europesays.com\/ee\/wp-json\/wp\/v2\/posts\/265016\/revisions"}],"wp:featuredmedia":[{"embeddable":true,"href":"https:\/\/www.europesays.com\/ee\/wp-json\/wp\/v2\/media\/265017"}],"wp:attachment":[{"href":"https:\/\/www.europesays.com\/ee\/wp-json\/wp\/v2\/media?parent=265016"}],"wp:term":[{"taxonomy":"category","embeddable":true,"href":"https:\/\/www.europesays.com\/ee\/wp-json\/wp\/v2\/categories?post=265016"},{"taxonomy":"post_tag","embeddable":true,"href":"https:\/\/www.europesays.com\/ee\/wp-json\/wp\/v2\/tags?post=265016"}],"curies":[{"name":"wp","href":"https:\/\/api.w.org\/{rel}","templated":true}]}}