{"id":265020,"date":"2026-08-31T14:55:11","date_gmt":"2026-08-31T14:55:11","guid":{"rendered":"https:\/\/www.europesays.com\/ee\/265020\/"},"modified":"2026-08-31T14:55:11","modified_gmt":"2026-08-31T14:55:11","slug":"rallikarjaari-uhe-raskema-avarii-teinud-katsuta-ma-ei-saanud-autost-valja-see-oli-hirmutav","status":"publish","type":"post","link":"https:\/\/www.europesays.com\/ee\/265020\/","title":{"rendered":"Rallikarj\u00e4\u00e4ri \u00fche raskema avarii teinud Katsuta: ma ei saanud autost v\u00e4lja, see oli hirmutav"},"content":{"rendered":"<p>Esimese avarii tegi Toyota s\u00f5itja juba avakatsel, kui kihutas s\u00f5iduvea j\u00e4rel teelt v\u00e4lja. Kuna tema masin sai r\u00e4ngalt kahjustada, pidi ta v\u00f5istlusp\u00e4eva katkestama.<\/p>\n<p>P\u00fchap\u00e4eval tabas jaapanlast uus ja veelgi r\u00e4ngem tagasil\u00f6\u00f6k. Katsuta masin vajus eelviimasel katsel tee vasakus osas kraavi, rullus sealt katusele ning lendas siis vastu elektriposti. Nii jaapanlane kui tema kaardilugeja Aaron Johnston viidi p\u00e4rast \u00f5nnetust haiglasse ravile. \u00d5nneks p\u00e4\u00e4sesid m\u00f5lemad t\u00f5siste vigastusteta. <\/p>\n<p>\u201eSee oli t\u00f5esti suur \u00f5nnetus. \u00dctleksin, et see kokkup\u00f5rge oli \u00fcks raskemaid, mida ma oma karj\u00e4\u00e4ri jooksul kogenud olen,\u201c selgitas Katsuta. \u201eMa ei saanud autost v\u00e4lja. Ma tundsin suurt valu. Aga v\u00e4hemalt oleme siin.\u201c<\/p>\n<p>Katsuta kiitis ka praeguste Rally1 autode ohutust ning seda, kui kiiresti tema ja Johnston suudeti haiglasse ravile viia.<\/p>\n<p>\u201eSee n\u00e4itab, et auto on ohutuse m\u00f5ttes v\u00e4ga h\u00e4sti \u00fcles ehitatud. Suur t\u00e4nu ohutusn\u00f5uete ja lahenduste eest. Need toimisid. K\u00f5ik oli ka h\u00e4sti korraldatud, nii et saime piisavalt kiiresti haiglasse.\u201c<\/p>\n<p>\u00d5nnetuse p\u00f5hjust ei osanudki Katsuta t\u00e4pselt \u00f6elda. \u201eSee tundus v\u00e4ga kummaline. Auto lihtsalt vajus k\u00fclili. P\u00fc\u00fcdsin olukorda parandada, aga seal oli kalle, nii et ma ei saanud enam p\u00f6\u00f6rata. Siis oli vaid v\u00e4ike libisemine, kuid kuidagi sellest piisast, et auto katusele rulluks.\u201c<\/p>\n<p>\u201eMa ei suutnud p\u00e4rast \u00f5nnetust kohe autost v\u00e4lja tulla ning see oli \u00fcsna hirmutav hetk,\u201c tunnistas Katsuta.<\/p>\n<p>\u00dchtlasi t\u00e4nas ta Hyundai s\u00f5itjaid <a rel=\"noopener nofollow\" target=\"_blank\" href=\"https:\/\/www.delfi.ee\/teema\/70795441\/thierry-neuville\" tag-id=\"70795441\">Thierry Neuville<\/a>\u2019i ja Martijn Wydaeghet, kes j\u00f5udsid s\u00fcndmuspaigale esimesena ja neid aitasid.<\/p>\n<p>\u201eMa ei saanud normaalselt k\u00f5ndida ega seista. Nad aitasid meid sel hetkel palju ja hoolitsesid meie eest igak\u00fclgselt kuni p\u00e4\u00e4stetiimi saabumiseni. Ma ei unusta seda kunagi,\u201c r\u00f5hutas Katsuta. <\/p>\n<p>P\u00fchap\u00e4eval l\u00f5ppenud Paraguay ralli v\u00f5itis Sami Pajari (Toyota), kes teenis juba kolmanda j\u00e4rjestikuse esikoha.<\/p>\n<p>Kuidas see lugu Sind end tundma pani?Saada<a href=\"https:\/\/sport.delfi.ee\/artikkel\/120607365\/rallikarjaari-uhe-raskema-avarii-teinud-katsuta-ma-ei-saanud-autost-valja-see-oli-hirmutav\/kommentaarid\" class=\"button button--primary button--size-auto article-body-bottom__comment article-body-bottom__comment--write\" style=\"\" rel=\"nofollow noopener\" target=\"_blank\">Kommenteeri<\/a><a href=\"https:\/\/sport.delfi.ee\/artikkel\/120607365\/rallikarjaari-uhe-raskema-avarii-teinud-katsuta-ma-ei-saanud-autost-valja-see-oli-hirmutav\/kommentaarid\" class=\"button button--size-auto article-body-bottom__comment article-body-bottom__comment--read\" style=\"\" rel=\"nofollow noopener\" target=\"_blank\">Loe kommentaare (1)<\/a><\/p>\n","protected":false},"excerpt":{"rendered":"Esimese avarii tegi Toyota s\u00f5itja juba avakatsel, kui kihutas s\u00f5iduvea j\u00e4rel teelt v\u00e4lja. Kuna tema masin sai r\u00e4ngalt&hellip;\n","protected":false},"author":2,"featured_media":265021,"comment_status":"","ping_status":"","sticky":false,"template":"","format":"standard","meta":{"footnotes":"","_share_on_mastodon":"0"},"categories":[5],"tags":[26,27,37,33,35,34,36,31,32,21,28,29,19,25,2683,1691,23,24,22,20,30,1192],"class_list":["post-265020","post","type-post","status-publish","format-standard","has-post-thumbnail","category-uldised-uudised","tag-breaking-news","tag-breakingnews","tag-ee","tag-eesti","tag-eesti-keel","tag-estonia","tag-estonian","tag-featured-news","tag-featurednews","tag-headlines","tag-latest-news","tag-latestnews","tag-news","tag-populaarseimad-lood","tag-takamoto-katsuta","tag-thierry-neuville","tag-top-stories","tag-topstories","tag-uldised-uudised","tag-uudised","tag-viimased-uudised","tag-wrc"],"share_on_mastodon":{"url":"https:\/\/pubeurope.com\/@ee\/117190703529778992","error":""},"_links":{"self":[{"href":"https:\/\/www.europesays.com\/ee\/wp-json\/wp\/v2\/posts\/265020","targetHints":{"allow":["GET"]}}],"collection":[{"href":"https:\/\/www.europesays.com\/ee\/wp-json\/wp\/v2\/posts"}],"about":[{"href":"https:\/\/www.europesays.com\/ee\/wp-json\/wp\/v2\/types\/post"}],"author":[{"embeddable":true,"href":"https:\/\/www.europesays.com\/ee\/wp-json\/wp\/v2\/users\/2"}],"replies":[{"embeddable":true,"href":"https:\/\/www.europesays.com\/ee\/wp-json\/wp\/v2\/comments?post=265020"}],"version-history":[{"count":0,"href":"https:\/\/www.europesays.com\/ee\/wp-json\/wp\/v2\/posts\/265020\/revisions"}],"wp:featuredmedia":[{"embeddable":true,"href":"https:\/\/www.europesays.com\/ee\/wp-json\/wp\/v2\/media\/265021"}],"wp:attachment":[{"href":"https:\/\/www.europesays.com\/ee\/wp-json\/wp\/v2\/media?parent=265020"}],"wp:term":[{"taxonomy":"category","embeddable":true,"href":"https:\/\/www.europesays.com\/ee\/wp-json\/wp\/v2\/categories?post=265020"},{"taxonomy":"post_tag","embeddable":true,"href":"https:\/\/www.europesays.com\/ee\/wp-json\/wp\/v2\/tags?post=265020"}],"curies":[{"name":"wp","href":"https:\/\/api.w.org\/{rel}","templated":true}]}}