{"id":265024,"date":"2026-08-31T15:04:12","date_gmt":"2026-08-31T15:04:12","guid":{"rendered":"https:\/\/www.europesays.com\/ee\/265024\/"},"modified":"2026-08-31T15:04:12","modified_gmt":"2026-08-31T15:04:12","slug":"soome-kohus-luhendas-vene-sojakurjategija-vanglakaristust-valismaa","status":"publish","type":"post","link":"https:\/\/www.europesays.com\/ee\/265024\/","title":{"rendered":"Soome kohus l\u00fchendas Vene s\u00f5jakurjategija vanglakaristust | V\u00e4lismaa"},"content":{"rendered":"<p>Soome kohus l\u00fchendas esmasp\u00e4eval Ukrainas 2014. aastal aset leidnud varitsusr\u00fcnnakuga seotud s\u00f5jakuritegudes s\u00fc\u00fcdi m\u00f5istetud Vene neonatsile m\u00e4\u00e4ratud eluaegse vanglakaristuse 12 aasta ja kuue kuu pikkuseks.<\/p>\n<p>Helsingi kohus m\u00f5istis Vene neonatside paramilitaarse r\u00fchmituse Russit\u0161 endise asekomand\u00f6ri Vojislav Tordeni mullu s\u00fc\u00fcdi Ida-Ukrainas Luhanski oblastis toimunud varitsusr\u00fcnnaku k\u00e4igus toime pandud s\u00f5jakuritegudes.<\/p>\n<p>Ukraina s\u00f5durite konvoi vastu suunatud r\u00fcnnakus hukkus 22 ja sai haavata neli ukrainlast.<\/p>\n<p>Torden m\u00f5isteti s\u00fc\u00fcdi Russit\u0161i s\u00f5durite tegevuse juhtimises varitsusr\u00fcnnaku ajal ja \u00fche haavatud s\u00f5duri tapmises.<\/p>\n<p>Samuti m\u00f5isteti ta s\u00fc\u00fcdi selles, et andis v\u00f5itlejatele loa moonutada Ivan Iss\u00f5kki, l\u00f5igates tema p\u00f5sele r\u00fchmituse s\u00fcmboli \u2013 kodararatta. Iss\u00f5k suri saadud haavadesse.<\/p>\n<p>Lisaks m\u00f5isteti Torden s\u00fc\u00fcdi s\u00fcndmuskohal langenud s\u00f5durist halvustavate fotode tegemises ja nende sotsiaalmeediasse postitamises.<\/p>\n<p>Helsingi apellatsioonikohus leidis esmasp\u00e4eval aga, et puuduvad piisavad t\u00f5endid selle kohta, et Torden oleks Ukraina s\u00f5dureid tapnud v\u00f5i haavanud.<\/p>\n<p>K\u00fcll aga leidis kohus, et ta osales varitsusr\u00fcnnakus ja tulistas Ukraina s\u00f5dureid kuulipildujast, mis on s\u00f5jakuritegu.<\/p>\n<p>Kohtu avalduse kohaselt ei olnud tal ka juhtivat rolli, mis oleks teinud ta vastutavaks haavatud Ukraina s\u00f5durite tulistamise eest.<\/p>\n<p>Apellatsioonikohus l\u00fckkas aga tagasi varasema otsuse, mille kohaselt andis ta v\u00f5itlejatele loa l\u00f5igata Iss\u00f5ki p\u00f5ske, leides, et kuigi vahejuhtum leidis aset, ei kvalifitseerunud see s\u00f5jakuriteoks.<\/p>\n<p>Kohus n\u00f5ustus, et Torden on s\u00fc\u00fcdi s\u00fcndmuskohal langenud s\u00f5durist halvustavate fotode tegemises ja nende sotsiaalmeediasse postitamises.<\/p>\n<p>Tordeni \u00fcle m\u00f5isteti kohut Soomes p\u00e4rast tema seal vahistamist ja Helsingi keeldumist teda Ukrainale v\u00e4lja anda.<\/p>\n<p>Soome rakendab universaaljurisdiktsiooni ehk \u00f5igusp\u00f5him\u00f5tet, mis lubab riigil esitada oma pinnal s\u00fc\u00fcdistusi k\u00f5ikjal maailmas toime pandud rasketes kuritegudes.<\/p>\n<p>Apellatsioonikohtu otsuse saab edasi kaevata \u00fclemkohtusse.<\/p>\n","protected":false},"excerpt":{"rendered":"Soome kohus l\u00fchendas esmasp\u00e4eval Ukrainas 2014. aastal aset leidnud varitsusr\u00fcnnakuga seotud s\u00f5jakuritegudes s\u00fc\u00fcdi m\u00f5istetud Vene neonatsile m\u00e4\u00e4ratud eluaegse&hellip;\n","protected":false},"author":2,"featured_media":265025,"comment_status":"","ping_status":"","sticky":false,"template":"","format":"standard","meta":{"footnotes":"","_share_on_mastodon":"0"},"categories":[80],"tags":[26,27,37,33,35,34,36,31,32,21,1752,28,29,95,12680,19,25,23083,1049,113,23,24,262,22,20,30,92,93,94],"class_list":["post-265024","post","type-post","status-publish","format-standard","has-post-thumbnail","category-maailm","tag-breaking-news","tag-breakingnews","tag-ee","tag-eesti","tag-eesti-keel","tag-estonia","tag-estonian","tag-featured-news","tag-featurednews","tag-headlines","tag-kohus","tag-latest-news","tag-latestnews","tag-maailm","tag-neonatsid","tag-news","tag-populaarseimad-lood","tag-separatism","tag-soda","tag-soome","tag-top-stories","tag-topstories","tag-ukraina","tag-uldised-uudised","tag-uudised","tag-viimased-uudised","tag-world","tag-world-news","tag-worldnews"],"share_on_mastodon":{"url":"https:\/\/pubeurope.com\/@ee\/117190738940256097","error":""},"_links":{"self":[{"href":"https:\/\/www.europesays.com\/ee\/wp-json\/wp\/v2\/posts\/265024","targetHints":{"allow":["GET"]}}],"collection":[{"href":"https:\/\/www.europesays.com\/ee\/wp-json\/wp\/v2\/posts"}],"about":[{"href":"https:\/\/www.europesays.com\/ee\/wp-json\/wp\/v2\/types\/post"}],"author":[{"embeddable":true,"href":"https:\/\/www.europesays.com\/ee\/wp-json\/wp\/v2\/users\/2"}],"replies":[{"embeddable":true,"href":"https:\/\/www.europesays.com\/ee\/wp-json\/wp\/v2\/comments?post=265024"}],"version-history":[{"count":0,"href":"https:\/\/www.europesays.com\/ee\/wp-json\/wp\/v2\/posts\/265024\/revisions"}],"wp:featuredmedia":[{"embeddable":true,"href":"https:\/\/www.europesays.com\/ee\/wp-json\/wp\/v2\/media\/265025"}],"wp:attachment":[{"href":"https:\/\/www.europesays.com\/ee\/wp-json\/wp\/v2\/media?parent=265024"}],"wp:term":[{"taxonomy":"category","embeddable":true,"href":"https:\/\/www.europesays.com\/ee\/wp-json\/wp\/v2\/categories?post=265024"},{"taxonomy":"post_tag","embeddable":true,"href":"https:\/\/www.europesays.com\/ee\/wp-json\/wp\/v2\/tags?post=265024"}],"curies":[{"name":"wp","href":"https:\/\/api.w.org\/{rel}","templated":true}]}}