{"id":265030,"date":"2026-08-31T15:14:09","date_gmt":"2026-08-31T15:14:09","guid":{"rendered":"https:\/\/www.europesays.com\/ee\/265030\/"},"modified":"2026-08-31T15:14:09","modified_gmt":"2026-08-31T15:14:09","slug":"glassensei-juhatusega-liitus-kaks-juhti-operatsioonide-juhiks-sai-ardo-asperk","status":"publish","type":"post","link":"https:\/\/www.europesays.com\/ee\/265030\/","title":{"rendered":"Glassense\u00b4i juhatusega liitus kaks juhti. Operatsioonide juhiks sai Ardo Asperk"},"content":{"rendered":"<p>Hoonete klaasilahenduste tootja Glassense juhatusega liituvad m\u00fc\u00fcgi- ja turundusdirektor Siiri Odrats-Koni ning operatsioonide juht Ardo Asperk. <\/p>\n<p><a href=\"#paywall\">Tellijana<\/a> saad artiklit lugedes teada:<\/p>\n<ul>\n<li>miks otsustas Glassense just n\u00fc\u00fcd juhatust laiendada ja millist rolli n\u00e4eb Simmo Soomets uutel juhtidel;<\/li>\n<li>milliste konkreetsete \u00fclesannetega hakkavad Siiri Odrats-Koni ja Ardo Asperk ettev\u00f5tte kasvu, m\u00fc\u00fcki ja tootmist vedama;<\/li>\n<li>kuidas plaanib Glassense keerulise ehitusturu taustal parandada kasumlikkust, kvaliteeti ja tarnekindlust.<\/li>\n<\/ul>\n","protected":false},"excerpt":{"rendered":"Hoonete klaasilahenduste tootja Glassense juhatusega liituvad m\u00fc\u00fcgi- ja turundusdirektor Siiri Odrats-Koni ning operatsioonide juht Ardo Asperk. Tellijana saad&hellip;\n","protected":false},"author":2,"featured_media":265031,"comment_status":"","ping_status":"","sticky":false,"template":"","format":"standard","meta":{"footnotes":"","_share_on_mastodon":"0"},"categories":[14],"tags":[131,130,37,33,35,34,36],"class_list":["post-265030","post","type-post","status-publish","format-standard","has-post-thumbnail","category-ari","tag-ari","tag-business","tag-ee","tag-eesti","tag-eesti-keel","tag-estonia","tag-estonian"],"share_on_mastodon":{"url":"https:\/\/pubeurope.com\/@ee\/117190778110021384","error":""},"_links":{"self":[{"href":"https:\/\/www.europesays.com\/ee\/wp-json\/wp\/v2\/posts\/265030","targetHints":{"allow":["GET"]}}],"collection":[{"href":"https:\/\/www.europesays.com\/ee\/wp-json\/wp\/v2\/posts"}],"about":[{"href":"https:\/\/www.europesays.com\/ee\/wp-json\/wp\/v2\/types\/post"}],"author":[{"embeddable":true,"href":"https:\/\/www.europesays.com\/ee\/wp-json\/wp\/v2\/users\/2"}],"replies":[{"embeddable":true,"href":"https:\/\/www.europesays.com\/ee\/wp-json\/wp\/v2\/comments?post=265030"}],"version-history":[{"count":0,"href":"https:\/\/www.europesays.com\/ee\/wp-json\/wp\/v2\/posts\/265030\/revisions"}],"wp:featuredmedia":[{"embeddable":true,"href":"https:\/\/www.europesays.com\/ee\/wp-json\/wp\/v2\/media\/265031"}],"wp:attachment":[{"href":"https:\/\/www.europesays.com\/ee\/wp-json\/wp\/v2\/media?parent=265030"}],"wp:term":[{"taxonomy":"category","embeddable":true,"href":"https:\/\/www.europesays.com\/ee\/wp-json\/wp\/v2\/categories?post=265030"},{"taxonomy":"post_tag","embeddable":true,"href":"https:\/\/www.europesays.com\/ee\/wp-json\/wp\/v2\/tags?post=265030"}],"curies":[{"name":"wp","href":"https:\/\/api.w.org\/{rel}","templated":true}]}}