{"id":265044,"date":"2026-08-31T15:29:13","date_gmt":"2026-08-31T15:29:13","guid":{"rendered":"https:\/\/www.europesays.com\/ee\/265044\/"},"modified":"2026-08-31T15:29:13","modified_gmt":"2026-08-31T15:29:13","slug":"soome-president-venemaa-ei-kavatse-ukraina-vastu-tuumarelva-kasutada-ega-nato-t-runnata","status":"publish","type":"post","link":"https:\/\/www.europesays.com\/ee\/265044\/","title":{"rendered":"Soome president: Venemaa ei kavatse Ukraina vastu tuumarelva kasutada ega NATO-t r\u00fcnnata"},"content":{"rendered":"<p>Kommenteerides Saksa kaitseministeeriumi ja relvaj\u00f5udude hoiatust, et Venemaa v\u00f5ib 2029. aastaks olla valmis <a rel=\"noopener nofollow\" target=\"_blank\" href=\"https:\/\/www.delfi.ee\/teema\/24581263\/nato\" tag-id=\"24581263\">NATO<\/a>-t r\u00fcndama, oli Stubb skeptiline: \u201eKui kellelgi on selline ennustav kristallkuul, on see imeline. Aga mina ei n\u00e4e selle (NATO r\u00fcnnaku \u2013 toim) kohta mingeid t\u00f5endeid ega fakte.\u201c <\/p>\n<p>Ta m\u00e4rkis, et ei usu Venemaa soovi r\u00fcnnata maailma tugevaimat s\u00f5jalist liitu, kuid lisas siiski: \u201eMa ei \u00fctle, et peaksime l\u00f5dvestuma. Halvimaks tuleb alati valmistuda, et seda \u00e4ra hoida.\u201c<\/p>\n<p>\u201eMeil on tavarelvad, raketid ja <a rel=\"noopener nofollow\" target=\"_blank\" href=\"https:\/\/www.delfi.ee\/teema\/96844136\/tuumarelv\" tag-id=\"96844136\">tuumarelvad<\/a>. \u00dchelgi maailma suurv\u00f5imul pole m\u00f5tet selle alliansi otsusekindlust proovile panna,\u201c s\u00f5nas ta. <\/p>\n<p>Samuti peab Stubb ebat\u00f5en\u00e4oliseks Venemaa tuumar\u00fcnnakut Ukrainas, viidates Hiina rollile: \u201eSel suvel k\u00fclastas mind Hiina v\u00e4lisminister ja kui ma selle teema t\u00f5statasin, \u00fctles ta: \u201eMe ei luba sellel kunagi juhtuda.\u201c Usun, et see on \u00fcsna t\u00f5hus heidutusvahend.\u201c<\/p>\n<p>Stubbi s\u00f5nul on Moskva infos\u00f5ja peamine eesm\u00e4rk hirmutamine, et panna eurooplased pidevalt kahtlema Venemaa v\u00f5imalikus edasises eskalatsioonis. Tegelikkuses on Venemaa v\u00f5imalused piiratud. \u201eAinus viis, kuidas Venemaa saab veel eskaleeruda, on mobilisatsioon, millel oleks aga t\u00f5sised sisepoliitilised tagaj\u00e4rjed,\u201c selgitas ta. <\/p>\n<p>Sellest hoolimata peab ta uut mobilisatsiooni s\u00fcgisel t\u00f5en\u00e4oliseks, viidates seadustele, mis piiravad liikumisvabadust ja sulgevad piire. \u201ePraeguse tempoga ei saa nad oma s\u00f5jategevust kaua j\u00e4tkata.\u201c<\/p>\n<p>Kuigi Venemaa seisab silmitsi s\u00fcgavate majandusmurede, inflatsiooni ja k\u00f5rgete intressidega, ei l\u00f5peta see Stubb hinnangul s\u00f5da. Ta \u00fctles, et venelased on tohutult kannatlikud ja p\u00fcsivad ning majandusprobleemid ei vii veel s\u00f5jategevuse peatamiseni. <\/p>\n<p>Muutuse v\u00f5ib tuua vaid hetk, mil \u00fchiskonnas ja eliidis tekib tunne, et re\u017eiim ise on otseses ohus. Kreml on Stubbi hinnangul juba praegu ebamugavas olukorras ning varem v\u00f5i hiljem peab Venemaa m\u00f5istma, et s\u00f5ja j\u00e4tkamine ei too enam kasu. <\/p>\n<p>Ukraina suhtes oli Stubbil optimistlikum vaade. \u201eUkraina on praegu tugevamas ja paremas positsioonis kui \u00fchelgi teisel hetkel selle s\u00f5ja jooksul \u2013 nii s\u00f5jaliselt, poliitiliselt kui ka rahaliselt,\u201c kinnitas ta. <\/p>\n<p>Tema s\u00f5nul on Ukrainal moraalne ja strateegiline \u00fclekaal ning riik v\u00f5idab s\u00f5ja. V\u00f5idu definitsioon on tema silmis lihtne: \u201eKui sa j\u00e4\u00e4d ellu, iseseisvaks ja suver\u00e4\u00e4nseks riigiks, siis on see v\u00f5it.\u201c<\/p>\n<p>Kuidas see lugu Sind end tundma pani?Saada<a href=\"https:\/\/www.delfi.ee\/artikkel\/120607357\/soome-president-venemaa-ei-kavatse-kasutada-tuumarelva-ukraina-vastu-ega-runnata-nato-t\/kommentaarid\" class=\"button button--primary button--size-auto article-body-bottom__comment article-body-bottom__comment--write\" style=\"\" rel=\"nofollow noopener\" target=\"_blank\">Kommenteeri<\/a><a href=\"https:\/\/www.delfi.ee\/artikkel\/120607357\/soome-president-venemaa-ei-kavatse-kasutada-tuumarelva-ukraina-vastu-ega-runnata-nato-t\/kommentaarid\" class=\"button button--size-auto article-body-bottom__comment article-body-bottom__comment--read\" style=\"\" rel=\"nofollow noopener\" target=\"_blank\">Loe kommentaare (117)<\/a><\/p>\n","protected":false},"excerpt":{"rendered":"Kommenteerides Saksa kaitseministeeriumi ja relvaj\u00f5udude hoiatust, et Venemaa v\u00f5ib 2029. aastaks olla valmis NATO-t r\u00fcndama, oli Stubb skeptiline:&hellip;\n","protected":false},"author":2,"featured_media":265045,"comment_status":"","ping_status":"","sticky":false,"template":"","format":"standard","meta":{"footnotes":"","_share_on_mastodon":"0"},"categories":[5],"tags":[1267,26,27,37,33,35,34,36,31,32,21,28,29,54,19,25,107,23,24,1229,22,20,96,30],"class_list":["post-265044","post","type-post","status-publish","format-standard","has-post-thumbnail","category-uldised-uudised","tag-alexander-stubb","tag-breaking-news","tag-breakingnews","tag-ee","tag-eesti","tag-eesti-keel","tag-estonia","tag-estonian","tag-featured-news","tag-featurednews","tag-headlines","tag-latest-news","tag-latestnews","tag-nato","tag-news","tag-populaarseimad-lood","tag-soda-ukrainas","tag-top-stories","tag-topstories","tag-tuumarelv","tag-uldised-uudised","tag-uudised","tag-venemaa","tag-viimased-uudised"],"share_on_mastodon":{"url":"https:\/\/pubeurope.com\/@ee\/117190836982332271","error":""},"_links":{"self":[{"href":"https:\/\/www.europesays.com\/ee\/wp-json\/wp\/v2\/posts\/265044","targetHints":{"allow":["GET"]}}],"collection":[{"href":"https:\/\/www.europesays.com\/ee\/wp-json\/wp\/v2\/posts"}],"about":[{"href":"https:\/\/www.europesays.com\/ee\/wp-json\/wp\/v2\/types\/post"}],"author":[{"embeddable":true,"href":"https:\/\/www.europesays.com\/ee\/wp-json\/wp\/v2\/users\/2"}],"replies":[{"embeddable":true,"href":"https:\/\/www.europesays.com\/ee\/wp-json\/wp\/v2\/comments?post=265044"}],"version-history":[{"count":0,"href":"https:\/\/www.europesays.com\/ee\/wp-json\/wp\/v2\/posts\/265044\/revisions"}],"wp:featuredmedia":[{"embeddable":true,"href":"https:\/\/www.europesays.com\/ee\/wp-json\/wp\/v2\/media\/265045"}],"wp:attachment":[{"href":"https:\/\/www.europesays.com\/ee\/wp-json\/wp\/v2\/media?parent=265044"}],"wp:term":[{"taxonomy":"category","embeddable":true,"href":"https:\/\/www.europesays.com\/ee\/wp-json\/wp\/v2\/categories?post=265044"},{"taxonomy":"post_tag","embeddable":true,"href":"https:\/\/www.europesays.com\/ee\/wp-json\/wp\/v2\/tags?post=265044"}],"curies":[{"name":"wp","href":"https:\/\/api.w.org\/{rel}","templated":true}]}}