{"id":265047,"date":"2026-08-31T15:35:09","date_gmt":"2026-08-31T15:35:09","guid":{"rendered":"https:\/\/www.europesays.com\/ee\/265047\/"},"modified":"2026-08-31T15:35:09","modified_gmt":"2026-08-31T15:35:09","slug":"dolly-parton-sangitati-pereringis-mulda-kantristaari-viimane-puhkepaik-on-tema-abikaasa-korval-kroonika-2","status":"publish","type":"post","link":"https:\/\/www.europesays.com\/ee\/265047\/","title":{"rendered":"Dolly Parton s\u00e4ngitati pereringis mulda. Kantristaari viimane puhkepaik on tema abikaasa k\u00f5rval &#8211; Kroonika"},"content":{"rendered":"<ol>\n<li><a href=\"https:\/\/news.google.com\/rss\/articles\/CBMi1gFBVV95cUxNek5BbmpQODN5T0Z5UkFWM19oX3pmU0NEcmpPWTlHaEhPemhlekFfNkNGdEl5Z0M5NHZtdTVKT2VLeGxtWV9PYW9fTEszMmYzZzdRWFFKQTZMV2dfcGhsMUhwcnQ0aXVudF9tV1pCbkRxX1VoUDJlZU5reUNKbldBVnhUdDFoUFZ6OTJmTkVDTnBFU3piOWNpZ2FIYkNKSG1ZYnJfcFoxdERGUzhULU5vOVl4RDk5U19VendSOHdFaFBBT1hiNlFNeUZQOWI3c3c3ZEV2dmhn?oc=5\" target=\"_blank\" rel=\"nofollow noopener\">Dolly Parton s\u00e4ngitati pereringis mulda. Kantristaari viimane puhkepaik on tema abikaasa k\u00f5rval<\/a>&nbsp;&nbsp;Kroonika<\/li>\n<li><a href=\"https:\/\/news.google.com\/rss\/articles\/CBMingFBVV95cUxNdzA4Q2VFYVhieDAyYkJ5RVduR3ZoamwyMDBSQmhZbjZWN2ZUb0ZpbmUxekVYSWUybkZUSk5xRmFiaE9PY3R3VmJOdmhYdEg0SVdSbXJxbUd5YzBYa3BLQzZxTEpqYVRZcWhlWUwxdTJxTHo0T1NjRHA5MVRMYXZjbDZwUk1rcFJXUG9JaFR0NzNOam03bUp3UnkycmlBdw?oc=5\" target=\"_blank\" rel=\"nofollow noopener\">Kantrikuninganna Dolly Parton s\u00e4ngitati viimsesse puhkepaika<\/a>&nbsp;&nbsp;\u00d5htuleht<\/li>\n<li><a href=\"https:\/\/news.google.com\/rss\/articles\/CBMiiwFBVV95cUxPVkNIUTNaVlNUOGNOazEwamVrWmh0ZXBVV2xoeDZmeXdjOWlmY1FuT1VsVkJ5aG5rZ1N4NGNQQUZNOXFJVnJkQ2RSWnpkRWE5dHlvZWg4SGJQYzB0MXp2bW5JeUMwLXBKWWRZU2ZyLXBHaVJXVVRVUE9xME9WZ2FqOU5Ic180Sko3aTRV?oc=5\" target=\"_blank\" rel=\"nofollow noopener\">Dolly Parton v\u00f5ib saada omanimelise lennujaama<\/a>&nbsp;&nbsp;\u00d5htuleht<\/li>\n<li><a href=\"https:\/\/news.google.com\/rss\/articles\/CBMizwFBVV95cUxPcl84TlphWHZEUUZjck1KcUdiamhNaGtMYVV6Zy01VU1scDR5S0s1VU5DVmpkZXhwWHh3YmdiSFlDZkhxWk82ZVV0WEZRcGJoc3NEQjVzNXpsdXlRLXBSTlgxcXRxM2hKYVoxYnlWTUs1ODhnRXY1dDhndVBDQ2xVQXJBY3pQMHdUOUQzVmZTalpFTVdBeXRFS1RUa1RWY0RRMkJvMHIyLUYtVFd0LUJvdWZrQjlZSFphTUdaSFVQbkZvM0NNWWZ1aXk0NTRXNEk?oc=5\" target=\"_blank\" rel=\"nofollow noopener\">RIIVAS SILMA \u27e9 Dolly Partoni \u00abmaitsetud\u00bb valikud tegid temast ootamatu stiiliikoon<\/a>&nbsp;&nbsp;Inbox.eu<\/li>\n<li><a href=\"https:\/\/news.google.com\/rss\/articles\/CBMixgFBVV95cUxNaGR1TFI5Z19PMjlicHFveTcwWXZpTWdoTmFMTUFIa25pbURnNy0yVHhhMThiU092azR4WDFOMXo3ZlRyMDlBM05rY0MyTlJwSGRiTnRBQkRRZkdDRVFzM2tHV2Y0WFdfNTZoM0NVcmYzQTRrX0VydGxnelNEdFE3TFR1bHVBdUExcFFGaVdNcGxVdnowQW10VnM4TlVTeTVCd1RST3kzMDV1LWpXR0ZCcmtJSm1hZTlGODZBSXB6b3Njc3gyNFE?oc=5\" target=\"_blank\" rel=\"nofollow noopener\">Selgus Dolly Partoni surma p\u00f5hjus: lauljatar lahkus p\u00e4rast l\u00fchikest v\u00f5itlust v\u00e4higa<\/a>&nbsp;&nbsp;Kroonika<\/li>\n<\/ol>\n","protected":false},"excerpt":{"rendered":"Dolly Parton s\u00e4ngitati pereringis mulda. Kantristaari viimane puhkepaik on tema abikaasa k\u00f5rval&nbsp;&nbsp;Kroonika Kantrikuninganna Dolly Parton s\u00e4ngitati viimsesse puhkepaika&nbsp;&nbsp;\u00d5htuleht&hellip;\n","protected":false},"author":2,"featured_media":265048,"comment_status":"","ping_status":"","sticky":false,"template":"","format":"standard","meta":{"footnotes":"","_share_on_mastodon":"0"},"categories":[16],"tags":[5716,37,33,35,173,34,36,140,6587],"class_list":["post-265047","post","type-post","status-publish","format-standard","has-post-thumbnail","category-meelelahutus","tag-dolly-parton","tag-ee","tag-eesti","tag-eesti-keel","tag-entertainment","tag-estonia","tag-estonian","tag-meelelahutus","tag-nashville"],"share_on_mastodon":{"url":"https:\/\/pubeurope.com\/@ee\/117190860976050884","error":""},"_links":{"self":[{"href":"https:\/\/www.europesays.com\/ee\/wp-json\/wp\/v2\/posts\/265047","targetHints":{"allow":["GET"]}}],"collection":[{"href":"https:\/\/www.europesays.com\/ee\/wp-json\/wp\/v2\/posts"}],"about":[{"href":"https:\/\/www.europesays.com\/ee\/wp-json\/wp\/v2\/types\/post"}],"author":[{"embeddable":true,"href":"https:\/\/www.europesays.com\/ee\/wp-json\/wp\/v2\/users\/2"}],"replies":[{"embeddable":true,"href":"https:\/\/www.europesays.com\/ee\/wp-json\/wp\/v2\/comments?post=265047"}],"version-history":[{"count":0,"href":"https:\/\/www.europesays.com\/ee\/wp-json\/wp\/v2\/posts\/265047\/revisions"}],"wp:featuredmedia":[{"embeddable":true,"href":"https:\/\/www.europesays.com\/ee\/wp-json\/wp\/v2\/media\/265048"}],"wp:attachment":[{"href":"https:\/\/www.europesays.com\/ee\/wp-json\/wp\/v2\/media?parent=265047"}],"wp:term":[{"taxonomy":"category","embeddable":true,"href":"https:\/\/www.europesays.com\/ee\/wp-json\/wp\/v2\/categories?post=265047"},{"taxonomy":"post_tag","embeddable":true,"href":"https:\/\/www.europesays.com\/ee\/wp-json\/wp\/v2\/tags?post=265047"}],"curies":[{"name":"wp","href":"https:\/\/api.w.org\/{rel}","templated":true}]}}