{"id":265053,"date":"2026-08-31T15:39:11","date_gmt":"2026-08-31T15:39:11","guid":{"rendered":"https:\/\/www.europesays.com\/ee\/265053\/"},"modified":"2026-08-31T15:39:11","modified_gmt":"2026-08-31T15:39:11","slug":"tartu-ulikoolis-alustas-ligi-4500-uut-tudengit-err","status":"publish","type":"post","link":"https:\/\/www.europesays.com\/ee\/265053\/","title":{"rendered":"Tartu \u00dclikoolis alustas ligi 4500 uut tudengit &#8211; ERR"},"content":{"rendered":"<ol>\n<li><a href=\"https:\/\/news.google.com\/rss\/articles\/CBMiggFBVV95cUxNZEpXRVp3S0Q3YjVxRUxvSVNlam1CcnEyMHZudWlQS0pVbGpkT2tIR1FPMVNLVkdZdGE0bVpFR0UxNWM2LW9SRHU4c25YWWdlR2ZjX3F4akI2bXZaNEVnRnBzTjlNeVk1UE1lNFJrR0dEREJrcUlfUTdwcHBOLW1yZG1n?oc=5\" target=\"_blank\" rel=\"nofollow noopener\">Tartu \u00dclikoolis alustas ligi 4500 uut tudengit<\/a>&nbsp;&nbsp;ERR<\/li>\n<li><a href=\"https:\/\/news.google.com\/rss\/articles\/CBMi0wFBVV95cUxPLTQxblBiT0FDNXA5M3VacTlFVHJYSnN6WE5UY0QyS2R4c2hVUGhYZHJjeDlJVW11ZFRqTDZRaTh6cW5BeUFPV3k1X1FyWGo2YVRCc2dzSVczY1FTOG12OXNYdDZTYzlldGxsdnFIcHNwb2t6TDB6UGRoU1UyYWgzT1QtcWh5bExYdWZFWjczLXo2c3VZN0tJSnJNQnR5ZXlwYjFOOUFVMkJ0R2xmcTR6Q2taSW1uVG5EMFIza1Z4VmFZUEJaRTByM01MRlR2TC01VzA4?oc=5\" target=\"_blank\" rel=\"nofollow noopener\">GALERII \u00abV\u00e4ga hirmus on, ikkagi uus koht, uued inimesed!\u00bb Enam kui 2000 esmakursuslast alustas \u00fclikooliteed<\/a>&nbsp;&nbsp;Tartu Postimees<\/li>\n<li><a href=\"https:\/\/news.google.com\/rss\/articles\/CBMi7wFBVV95cUxON0xzaTl5S216WmVEV3pnQjBZRkZlaWowVEVfV3RTREJsQUtMZmtsVEk0WElLSE5uRTYwelpNWE9WR1JON1BpVk5HRDR5cjBNWDA1MTNJbXdkUGlUSG14N2RzeGUwNnRmNUI0YlZabkNvX1JBVUZEeUh0U192LWpBekdEUFJRaDh4S21iZElaUkxOd0NUTE1Sc1pxeFE5c3VXT1pPTXYyc1R4N3diSUJFeHV3akZDTGJpdG96Uktwd0ZKZ083TG53M0Q0X21RZTBrSWVtTThUVFZjdW10WWFSOVJCTjJhMlNBNHNPT01hSQ?oc=5\" target=\"_blank\" rel=\"nofollow noopener\">GALERII \u27e9 \u00abV\u00e4ga hirmus on, ikkagi uus koht, uued inimesed!\u00bb Enam kui 2000 esmakursuslast alustas \u00fclikooliteed<\/a>&nbsp;&nbsp;Inbox.eu<\/li>\n<li><a href=\"https:\/\/news.google.com\/rss\/articles\/CBMilgFBVV95cUxOWFdfNUdBVnJqNUhDVU9hVDFzaFNQWDFOcDFNTVNMeWp5azJSSlc2VWV2dUVOM3RMRWQ0M2xNNXg2aUFHZVphS2xvYURlVk5rdnpCVnlKMjI0OVFlUFJ4bXhlcFF4SVk2YXZhSDR0TUxjNms1ZHpQTDVvYTE2MVpTejRZRW9nbXo1cEdYWVgzeHVzSWhpa3c?oc=5\" target=\"_blank\" rel=\"nofollow noopener\">Tartu \u00dclikoolis alustab sel s\u00fcgisel \u00f5pinguid ligi 4500 \u00fcli\u00f5pilast<\/a>&nbsp;&nbsp;L\u00f5unaeestlane<\/li>\n<li><a href=\"https:\/\/news.google.com\/rss\/articles\/CBMiggFBVV95cUxNR2RpNXd6UThLa2ZTLXpncGNiel9VRkk1NXYyVU1EMWxTY2hYcTJ4dm1mUWJXYVBnNzd2SFVseUp4QWcyenhrTWVuNG0tMVllUlJBQVFlWXo0bWw4TnkxTnlRQzU3SHRhUEw4SzNwN1Q4NnJPWXpzNnNnYXhuR3Z2YzZR?oc=5\" target=\"_blank\" rel=\"nofollow noopener\">Vaata otse kl 10: akadeemiline aasta algab 31. augustil<\/a>&nbsp;&nbsp;Tartu \u00dclikool<\/li>\n<\/ol>\n","protected":false},"excerpt":{"rendered":"Tartu \u00dclikoolis alustas ligi 4500 uut tudengit&nbsp;&nbsp;ERR GALERII \u00abV\u00e4ga hirmus on, ikkagi uus koht, uued inimesed!\u00bb Enam kui&hellip;\n","protected":false},"author":2,"featured_media":265054,"comment_status":"","ping_status":"","sticky":false,"template":"","format":"standard","meta":{"footnotes":"","_share_on_mastodon":"0"},"categories":[12],"tags":[71,26,27,37,33,35,34,36,31,32,21,28,29,19,999,25,23,24,22,20,1084,30],"class_list":["post-265053","post","type-post","status-publish","format-standard","has-post-thumbnail","category-eesti","tag-arvamus","tag-breaking-news","tag-breakingnews","tag-ee","tag-eesti","tag-eesti-keel","tag-estonia","tag-estonian","tag-featured-news","tag-featurednews","tag-headlines","tag-latest-news","tag-latestnews","tag-news","tag-poliitika","tag-populaarseimad-lood","tag-top-stories","tag-topstories","tag-uldised-uudised","tag-uudised","tag-valismaa","tag-viimased-uudised"],"share_on_mastodon":{"url":"https:\/\/pubeurope.com\/@ee\/117190876445778069","error":""},"_links":{"self":[{"href":"https:\/\/www.europesays.com\/ee\/wp-json\/wp\/v2\/posts\/265053","targetHints":{"allow":["GET"]}}],"collection":[{"href":"https:\/\/www.europesays.com\/ee\/wp-json\/wp\/v2\/posts"}],"about":[{"href":"https:\/\/www.europesays.com\/ee\/wp-json\/wp\/v2\/types\/post"}],"author":[{"embeddable":true,"href":"https:\/\/www.europesays.com\/ee\/wp-json\/wp\/v2\/users\/2"}],"replies":[{"embeddable":true,"href":"https:\/\/www.europesays.com\/ee\/wp-json\/wp\/v2\/comments?post=265053"}],"version-history":[{"count":0,"href":"https:\/\/www.europesays.com\/ee\/wp-json\/wp\/v2\/posts\/265053\/revisions"}],"wp:featuredmedia":[{"embeddable":true,"href":"https:\/\/www.europesays.com\/ee\/wp-json\/wp\/v2\/media\/265054"}],"wp:attachment":[{"href":"https:\/\/www.europesays.com\/ee\/wp-json\/wp\/v2\/media?parent=265053"}],"wp:term":[{"taxonomy":"category","embeddable":true,"href":"https:\/\/www.europesays.com\/ee\/wp-json\/wp\/v2\/categories?post=265053"},{"taxonomy":"post_tag","embeddable":true,"href":"https:\/\/www.europesays.com\/ee\/wp-json\/wp\/v2\/tags?post=265053"}],"curies":[{"name":"wp","href":"https:\/\/api.w.org\/{rel}","templated":true}]}}