{"id":265055,"date":"2026-08-31T15:40:14","date_gmt":"2026-08-31T15:40:14","guid":{"rendered":"https:\/\/www.europesays.com\/ee\/265055\/"},"modified":"2026-08-31T15:40:14","modified_gmt":"2026-08-31T15:40:14","slug":"htm-koik-noored-saavad-vajaduse-korral-ettevalmistavasse-oppesse-koha","status":"publish","type":"post","link":"https:\/\/www.europesays.com\/ee\/265055\/","title":{"rendered":"HTM: k\u00f5ik noored saavad vajaduse korral ettevalmistavasse \u00f5ppesse koha"},"content":{"rendered":"<p>Seda, kui palju noori sel \u00f5ppeaastal \u00f5ppekohata j\u00e4\u00e4vad, kooliaasta alguse seisuga \u00f6elda ei saa. Kuna koolid kannavad veel \u00f5pilasi aktiivselt Eesti hariduse infos\u00fcsteemi (EHIS), muutuvad andmed pidevalt. <\/p>\n<p>31. augusti seisuga on suurim \u00f5ppimiskohata p\u00f5hikoolil\u00f5petajate osakaal L\u00e4\u00e4ne-Viru maakonnas (14%) ning Valga maakonnas (12%). Arvuliselt on enim aga noori, keda ei ole \u00f5ppijana EHIS-esse sisestatud, Harju maakonnas. Neid on seal 775 ehk 11% \u00f5ppimiskohustusega p\u00f5hikoolil\u00f5petajatest. Tallinnas on selliseid noori praegu 575, mida on ligi 300 v\u00e4hem, kui oli augusti keskpaigas.<\/p>\n<p>Noored, kes algaval \u00f5ppeaastal kuhugi kooli \u00f5ppima ei asu, suunatakse ettevalmistavasse \u00f5ppesse. See on vaheaasta moodi tugi\u00f5pe neile, kes ei saanud kohe g\u00fcmnaasiumi v\u00f5i kutsekooli v\u00f5i vajavad enne j\u00e4rgmist sammu rohkem abi. Seal aidatakse neid j\u00e4rele \u00f5ppimises, \u00f5pioskuste arendamises ja eriala valimises. <\/p>\n<p>Tallinnas vajadus suurim<\/p>\n<p>Kuigi <a rel=\"noopener follow nofollow\" target=\"_blank\" href=\"https:\/\/www.delfi.ee\/artikkel\/120604619\/tallinnas-on-siiani-koolikohata-854-noort-kante-oppimiskohustuse-reform-ei-kaivitunud-soovitud-kujul\" data-rel-date-range=\"[]\">Delfi kirjutas augusti keskpaigas<\/a>, et Tallinnas polnud ettevalmistavas \u00f5ppes enam \u00fchtegi vaba kohta, on olukord n\u00fc\u00fcd muutunud. 31. augusti seisuga on Tallinna rakenduslikus kolled\u017eis ettevalmistavas \u00f5ppes vabanenud 15 kohta. Lisaks saab taotlusi esitada majandus- ja teeninduskolled\u017eisse AVARA. Selle alusel, kui palju ettevalmistavasse \u00f5ppesse avaldusi laekub, vaadatakse Tallinna haridusameti hariduskorralduse osakonna juhataja Krista Keeduse s\u00f5nul \u00f5ppekohtade vajadus uuesti \u00fcle. <\/p>\n<p>\u201eKindlasti tuleb neid juurde ja k\u00f5ik noored, kes on ettevalmistava \u00f5ppe sihtr\u00fchmas, koha ka saavad,\u201c kinnitas Keedus. \u201eSamas ei pruugi \u00f5ppet\u00f6\u00f6 alata n\u00fc\u00fcd, vaid vastuv\u00f5tt toimub jooksvalt aasta jooksul ning eri koolides alustavad uued r\u00fchmad eri aegadel.\u201c<\/p>\n<p>Kuigi vajadus ettevalmistava \u00f5ppe j\u00e4rele on suurim Tallinnas, on HTM-i kommunikatsioonin\u00f5uniku Elo Eesm\u00e4e s\u00f5nul ministeerium valmis looma lisakohti ka mujal Eestis. Praegu ei ole tema s\u00f5nul siiski k\u00f5ik olemasolevad kohad veel t\u00e4itunud. Vabadest \u00f5ppekohtadest tehakse koost\u00f6\u00f6s kohalike omavalitsustega veel \u00fclevaadet.<\/p>\n<p>EHIS-esse peavad k\u00f5ik andmed olema kantud 10. septembriks. Seej\u00e4rel saavad Eesm\u00e4e s\u00f5nul kohalikud omavalitsused edasi tegeleda nende noortega, kes selleks ajaks kohta leidnud ei ole. \u201eV\u00f5tavad nendega \u00fchendust, selgitavad v\u00e4lja nende edasised plaanid ning aitavad vajadusel leida sobiva \u00f5ppimisv\u00f5imaluse,\u201c lisas ta. <\/p>\n","protected":false},"excerpt":{"rendered":"Seda, kui palju noori sel \u00f5ppeaastal \u00f5ppekohata j\u00e4\u00e4vad, kooliaasta alguse seisuga \u00f6elda ei saa. Kuna koolid kannavad veel&hellip;\n","protected":false},"author":2,"featured_media":265056,"comment_status":"","ping_status":"","sticky":false,"template":"","format":"standard","meta":{"footnotes":"","_share_on_mastodon":"0"},"categories":[5],"tags":[687,679,667,26,27,673,688,663,662,37,33,35,684,683,692,34,36,31,32,208,148,21,206,668,669,381,686,677,694,691,339,680,28,29,671,672,377,690,144,678,665,19,693,676,666,25,322,664,150,695,685,159,394,682,674,675,23,24,689,222,22,20,670,681,149,30],"class_list":["post-265055","post","type-post","status-publish","format-standard","has-post-thumbnail","category-uldised-uudised","tag-ajaviide","tag-autoleht","tag-blog","tag-breaking-news","tag-breakingnews","tag-cv","tag-date","tag-defli","tag-delfi","tag-ee","tag-eesti","tag-eesti-keel","tag-ekaart","tag-email","tag-erootika","tag-estonia","tag-estonian","tag-featured-news","tag-featurednews","tag-film","tag-foto","tag-headlines","tag-horoskoop","tag-ilm","tag-ilmaennustus","tag-internet","tag-kaart","tag-kava","tag-kindlustus","tag-kinnisvara","tag-kuulutused","tag-lasteleht","tag-latest-news","tag-latestnews","tag-loto","tag-majandus","tag-mangud","tag-mobiil","tag-muusika","tag-naisteleht","tag-naljad","tag-news","tag-otsing","tag-pank","tag-pilt","tag-populaarseimad-lood","tag-raadio","tag-reklaam","tag-seks","tag-sms","tag-solo","tag-sport","tag-tarkvara","tag-tasuta","tag-too","tag-toopakkumised","tag-top-stories","tag-topstories","tag-tutvus","tag-tv","tag-uldised-uudised","tag-uudised","tag-valimised","tag-valuuta","tag-video","tag-viimased-uudised"],"share_on_mastodon":{"url":"","error":"Validation failed: Text character limit of 500 exceeded"},"_links":{"self":[{"href":"https:\/\/www.europesays.com\/ee\/wp-json\/wp\/v2\/posts\/265055","targetHints":{"allow":["GET"]}}],"collection":[{"href":"https:\/\/www.europesays.com\/ee\/wp-json\/wp\/v2\/posts"}],"about":[{"href":"https:\/\/www.europesays.com\/ee\/wp-json\/wp\/v2\/types\/post"}],"author":[{"embeddable":true,"href":"https:\/\/www.europesays.com\/ee\/wp-json\/wp\/v2\/users\/2"}],"replies":[{"embeddable":true,"href":"https:\/\/www.europesays.com\/ee\/wp-json\/wp\/v2\/comments?post=265055"}],"version-history":[{"count":0,"href":"https:\/\/www.europesays.com\/ee\/wp-json\/wp\/v2\/posts\/265055\/revisions"}],"wp:featuredmedia":[{"embeddable":true,"href":"https:\/\/www.europesays.com\/ee\/wp-json\/wp\/v2\/media\/265056"}],"wp:attachment":[{"href":"https:\/\/www.europesays.com\/ee\/wp-json\/wp\/v2\/media?parent=265055"}],"wp:term":[{"taxonomy":"category","embeddable":true,"href":"https:\/\/www.europesays.com\/ee\/wp-json\/wp\/v2\/categories?post=265055"},{"taxonomy":"post_tag","embeddable":true,"href":"https:\/\/www.europesays.com\/ee\/wp-json\/wp\/v2\/tags?post=265055"}],"curies":[{"name":"wp","href":"https:\/\/api.w.org\/{rel}","templated":true}]}}