{"id":265059,"date":"2026-08-31T15:50:11","date_gmt":"2026-08-31T15:50:11","guid":{"rendered":"https:\/\/www.europesays.com\/ee\/265059\/"},"modified":"2026-08-31T15:50:11","modified_gmt":"2026-08-31T15:50:11","slug":"parnu-turismihooaeg-moodus-vaatamata-jahedale-suvele-edukalt-eesti","status":"publish","type":"post","link":"https:\/\/www.europesays.com\/ee\/265059\/","title":{"rendered":"P\u00e4rnu turismihooaeg m\u00f6\u00f6dus vaatamata jahedale suvele edukalt | Eesti"},"content":{"rendered":"<p>P\u00e4rnu turismiettev\u00f5tjate hinnangul l\u00e4ks hooaeg vaatamata vihmasele ja jahedav\u00f5itu suvele pigem h\u00e4sti ja rahvast jagus. Ainsa murekohana tuuakse v\u00e4lja k\u00e4ibemaksut\u00f5us.<\/p>\n<p>P\u00e4rnu hotellid ja s\u00f6\u00f6gikohad \u00fctlesid, et kuigi suvi polnud k\u00f5ige soojem ja t\u00f5elisi rannailmu oli v\u00e4he, j\u00e4\u00e4di hooajaga rahule ja kehvem see eelmisest suvest ei olnud. <\/p>\n<p>&#8220;V\u00f5ib \u00f6elda positiivse poole pealt, et kui aasta alguses olid ikkagi majanduse n\u00e4itajad kehvemapoolsed, \u00fcle-eestilised, siis \u00f5nneks P\u00e4rnu turismisuvesse nii palju realiseerunud ei ole ehk suvi on majanduslikus m\u00f5ttes olnud t\u00e4pselt samasugune, nagu see oli eelmine aasta. N\u00fc\u00fcd negatiivse poole pealt ehk majutuse k\u00e4ibemaksu t\u00f5us 2025. aasta alguses m\u00f5jutab meid t\u00e4naseni edasi,&#8221; lausus Rannahotelli juht Oliver Paasik.<\/p>\n<p>Paasiku s\u00f5nul aitasid jahedamat suve kompenseerida \u00fcritused. Vaatamata Soome turistide \u00fcldisele langusele olid p\u00f5hjanaabrid suvel ikkagi P\u00e4rnu number \u00fcks klient. <\/p>\n<p>&#8220;Juunikuu tuli meil n\u00f5rgem v\u00f5rreldes eelmise aastaga. Juulikuu oli stabiilselt hea, aga selle aasta t\u00f5sine \u00fcllataja on olnud augustikuu. Hetkel ma julgeks arvata, et see summa summarum tuleb ikkagi rahalises m\u00f5ttes parem. T\u00e4ituvuse poole pealt v\u00f5ib-olla m\u00fc\u00fcdud \u00f6\u00f6de arv j\u00e4\u00e4b v\u00e4iksemaks,&#8221; lausus Viiking spaahotelli juht Kairi Lusik.<\/p>\n<p>&#8220;K\u00f5ik vist lootsid natukene rohkem veel, et lootus on alati suurem, aga tegelikult saab t\u00e4itsa rahule j\u00e4\u00e4da. K\u00fclalisi oli nii v\u00e4ljapoolt Eestit kui ka Eestist. Aga \u00fcldjoontes j\u00e4\u00e4me rahule,&#8221; s\u00f5nas restoranide Borgo ja Mon Ami juht Merli Liidemaa.<\/p>\n<p>Liidemaa s\u00f5nul m\u00f5jus rannailmade puudumine toidukohtadele pigem h\u00e4sti. <\/p>\n<p>&#8220;Ma arvan, et just restoranidele on parem, et ei olnud l\u00f5\u00f5mavat p\u00e4ikest ja meil oli see just plussiks. Meil olid terrassid suve l\u00e4bi t\u00e4is,&#8221; lisas Liidemaa.<\/p>\n","protected":false},"excerpt":{"rendered":"P\u00e4rnu turismiettev\u00f5tjate hinnangul l\u00e4ks hooaeg vaatamata vihmasele ja jahedav\u00f5itu suvele pigem h\u00e4sti ja rahvast jagus. Ainsa murekohana tuuakse&hellip;\n","protected":false},"author":2,"featured_media":265060,"comment_status":"","ping_status":"","sticky":false,"template":"","format":"standard","meta":{"footnotes":"","_share_on_mastodon":"0"},"categories":[12],"tags":[26,27,37,33,35,34,36,31,32,21,70007,28,29,18963,19,70006,1421,25,23,24,78545,22,20,30],"class_list":["post-265059","post","type-post","status-publish","format-standard","has-post-thumbnail","category-eesti","tag-breaking-news","tag-breakingnews","tag-ee","tag-eesti","tag-eesti-keel","tag-estonia","tag-estonian","tag-featured-news","tag-featurednews","tag-headlines","tag-kairi-lusik","tag-latest-news","tag-latestnews","tag-merli-liidemaa","tag-news","tag-oliver-paasik","tag-parnu","tag-populaarseimad-lood","tag-top-stories","tag-topstories","tag-turismihooaeg","tag-uldised-uudised","tag-uudised","tag-viimased-uudised"],"share_on_mastodon":{"url":"https:\/\/pubeurope.com\/@ee\/117190919875457211","error":""},"_links":{"self":[{"href":"https:\/\/www.europesays.com\/ee\/wp-json\/wp\/v2\/posts\/265059","targetHints":{"allow":["GET"]}}],"collection":[{"href":"https:\/\/www.europesays.com\/ee\/wp-json\/wp\/v2\/posts"}],"about":[{"href":"https:\/\/www.europesays.com\/ee\/wp-json\/wp\/v2\/types\/post"}],"author":[{"embeddable":true,"href":"https:\/\/www.europesays.com\/ee\/wp-json\/wp\/v2\/users\/2"}],"replies":[{"embeddable":true,"href":"https:\/\/www.europesays.com\/ee\/wp-json\/wp\/v2\/comments?post=265059"}],"version-history":[{"count":0,"href":"https:\/\/www.europesays.com\/ee\/wp-json\/wp\/v2\/posts\/265059\/revisions"}],"wp:featuredmedia":[{"embeddable":true,"href":"https:\/\/www.europesays.com\/ee\/wp-json\/wp\/v2\/media\/265060"}],"wp:attachment":[{"href":"https:\/\/www.europesays.com\/ee\/wp-json\/wp\/v2\/media?parent=265059"}],"wp:term":[{"taxonomy":"category","embeddable":true,"href":"https:\/\/www.europesays.com\/ee\/wp-json\/wp\/v2\/categories?post=265059"},{"taxonomy":"post_tag","embeddable":true,"href":"https:\/\/www.europesays.com\/ee\/wp-json\/wp\/v2\/tags?post=265059"}],"curies":[{"name":"wp","href":"https:\/\/api.w.org\/{rel}","templated":true}]}}