{"id":265069,"date":"2026-08-31T16:01:11","date_gmt":"2026-08-31T16:01:11","guid":{"rendered":"https:\/\/www.europesays.com\/ee\/265069\/"},"modified":"2026-08-31T16:01:11","modified_gmt":"2026-08-31T16:01:11","slug":"galerii-%e2%9f%a9-lindi-asemel-relakad-voru-arihoone-avamisel-lendasid-sademed","status":"publish","type":"post","link":"https:\/\/www.europesays.com\/ee\/265069\/","title":{"rendered":"GALERII \u27e9 Lindi asemel relakad: V\u00f5ru \u00e4rihoone avamisel lendasid s\u00e4demed"},"content":{"rendered":"<p>V\u00f5rus Pika ja Piiri t\u00e4nava piirkonnas avati reedel Eramaa \u00c4ripargi uus \u00e4rihoone, kuhu kolis Hansa-Flexi V\u00f5ru esindus. Tavap\u00e4rase lindi asemel l\u00f5ikasid \u00e4ripargi projektijuht Ivo Viia ja Hansa-Flexi Eesti juht Priit Gradov avamisel relakatega l\u00e4bi metalltoru.<\/p>\n<p>Uus 410-ruutmeetrine hoone valmis Hansa-Flexi vajaduste j\u00e4rgi ning selles on m\u00fc\u00fcgiosa ja t\u00f6\u00f6koda.<\/p>\n","protected":false},"excerpt":{"rendered":"V\u00f5rus Pika ja Piiri t\u00e4nava piirkonnas avati reedel Eramaa \u00c4ripargi uus \u00e4rihoone, kuhu kolis Hansa-Flexi V\u00f5ru esindus. Tavap\u00e4rase&hellip;\n","protected":false},"author":2,"featured_media":265070,"comment_status":"","ping_status":"","sticky":false,"template":"","format":"standard","meta":{"footnotes":"","_share_on_mastodon":"0"},"categories":[12],"tags":[102924,102922,26,27,37,33,35,84333,102919,34,36,102925,31,32,102918,21,102920,102927,28,29,10065,102926,19,4396,25,102921,23,24,22,45861,20,102923,30,1298],"class_list":["post-265069","post","type-post","status-publish","format-standard","has-post-thumbnail","category-eesti","tag-aripargid","tag-aripindade-arendus","tag-breaking-news","tag-breakingnews","tag-ee","tag-eesti","tag-eesti-keel","tag-energiasaastlik-hoone","tag-eramaa-aripark","tag-estonia","tag-estonian","tag-ettevotlusinvesteeringud","tag-featured-news","tag-featurednews","tag-hansa-flex","tag-headlines","tag-hudraulika","tag-ivo-viia","tag-latest-news","tag-latestnews","tag-logistika","tag-louna-eesti-toostus","tag-news","tag-paikesepark","tag-populaarseimad-lood","tag-toostushooned","tag-top-stories","tag-topstories","tag-uldised-uudised","tag-urmas-tali","tag-uudised","tag-vedelikutehnoloogia","tag-viimased-uudised","tag-voru"],"share_on_mastodon":{"url":"","error":"Validation failed: Text character limit of 500 exceeded"},"_links":{"self":[{"href":"https:\/\/www.europesays.com\/ee\/wp-json\/wp\/v2\/posts\/265069","targetHints":{"allow":["GET"]}}],"collection":[{"href":"https:\/\/www.europesays.com\/ee\/wp-json\/wp\/v2\/posts"}],"about":[{"href":"https:\/\/www.europesays.com\/ee\/wp-json\/wp\/v2\/types\/post"}],"author":[{"embeddable":true,"href":"https:\/\/www.europesays.com\/ee\/wp-json\/wp\/v2\/users\/2"}],"replies":[{"embeddable":true,"href":"https:\/\/www.europesays.com\/ee\/wp-json\/wp\/v2\/comments?post=265069"}],"version-history":[{"count":0,"href":"https:\/\/www.europesays.com\/ee\/wp-json\/wp\/v2\/posts\/265069\/revisions"}],"wp:featuredmedia":[{"embeddable":true,"href":"https:\/\/www.europesays.com\/ee\/wp-json\/wp\/v2\/media\/265070"}],"wp:attachment":[{"href":"https:\/\/www.europesays.com\/ee\/wp-json\/wp\/v2\/media?parent=265069"}],"wp:term":[{"taxonomy":"category","embeddable":true,"href":"https:\/\/www.europesays.com\/ee\/wp-json\/wp\/v2\/categories?post=265069"},{"taxonomy":"post_tag","embeddable":true,"href":"https:\/\/www.europesays.com\/ee\/wp-json\/wp\/v2\/tags?post=265069"}],"curies":[{"name":"wp","href":"https:\/\/api.w.org\/{rel}","templated":true}]}}