{"id":265085,"date":"2026-08-31T16:23:13","date_gmt":"2026-08-31T16:23:13","guid":{"rendered":"https:\/\/www.europesays.com\/ee\/265085\/"},"modified":"2026-08-31T16:23:13","modified_gmt":"2026-08-31T16:23:13","slug":"agrone-tehing-latis-vajab-molema-riigi-konkurentsiameti-heakskiitu-err","status":"publish","type":"post","link":"https:\/\/www.europesays.com\/ee\/265085\/","title":{"rendered":"Agrone tehing L\u00e4tis vajab m\u00f5lema riigi konkurentsiameti heakskiitu &#8211; ERR"},"content":{"rendered":"<ol>\n<li><a href=\"https:\/\/news.google.com\/rss\/articles\/CBMinAFBVV95cUxNWkl6cWpSbUlKVnFYdHZRVG5LSG11Nk1vcmxSeUlLMDhxX3h6M0gyNTYxZHRoaEltWDR6ZWxjSkdwdFFxZFVndHc0NVlMYkp0ekJyZHFHVmhOZ25Ga0FvS1hyQ2Z6bHlQSjg1bHF2TEY2ejNFaVVqQmRvNXlnQlVWbnJ5WWE1T19DcjZkdDFxQ3BvVXZVZVVtdGxhTDc?oc=5\" target=\"_blank\" rel=\"nofollow noopener\">Agrone tehing L\u00e4tis vajab m\u00f5lema riigi konkurentsiameti heakskiitu<\/a>&nbsp;&nbsp;ERR<\/li>\n<li><a href=\"https:\/\/news.google.com\/rss\/articles\/CBMinwFBVV95cUxPcHlhQ2piZ0NhSjNVM09YWnVhSzRsUERGbVFVdm0tUmtOMk1Lalh2MDNnRWJxUjdpQnQ4aFY4S2hHYUVnejJZUmJhN0U5VHlBdkNlbmpxVllxNEtldUVHbFlBa2pTbFN3NHVBaW16ZGtoRUpBbDJXRkhYeGtmN3d3djdnTGNtQ1VVWVpZMHg0Zk9GUFRWaldhODdtT3JQdmM?oc=5\" target=\"_blank\" rel=\"nofollow noopener\">L\u00e4ti tootjad loodavad, et Agrone tulek tagab neile k\u00f5rgema piimahinna<\/a>&nbsp;&nbsp;ERR<\/li>\n<li><a href=\"https:\/\/news.google.com\/rss\/articles\/CBMiuAFBVV95cUxOVGNlSkNoeUVlellXSjZzY01icVJSQkRtU095MTlxSXRJckFXSng4a0JTR05QZFdUZ21USXdSNWs3RlVjQjJXVWdoQnA1bFpFa3k5YlUwdnNfU2hQTzdjZXEyUDRONmF1OTlQZDFBSW1PbC0yYTVKQW9oanhQVmdJVklET0NPSm9PRXd1YkJWb1BOWnlndTJjZFVjRmVZVUFRQ0wwRVB2NzdTZDd0dFMzZndIbG5BbUJJ?oc=5\" target=\"_blank\" rel=\"nofollow noopener\">EKSPERT SELGITAB | Mis on kohukese hind ehk Kas Eesti saab kohukesemonopoli?<\/a>&nbsp;&nbsp;\u00c4rileht<\/li>\n<li><a href=\"https:\/\/news.google.com\/rss\/articles\/CBMivwFBVV95cUxNNlJKOVViOVVMcURQX05meEZiU0JKUUhJWHplajRSbVpVM1RBVDdodDc0elgwWFVPN3c0cjkwelFwU3phZ0luckRRWm1xX2I2YnNYeHdKVG82TFdFaHNlb1BsU0xxeVZoUmxiaUlPVy00ZzZQeFFra25RMWRPUzk0bXo5eU51U0hvUk9WVXpwNG1fT0o3OC1nRUNTTWRjYldHRld1YVhHdkxsYWdHQ2xPcjdUQTFXNWxHMnp3NFN4aw?oc=5\" target=\"_blank\" rel=\"nofollow noopener\">Lugeja k\u00fcsib: mis firma on R\u012bgas piena kombin\u0101ts, mida Raul Jeets tahab osta?<\/a>&nbsp;&nbsp;P\u00f5llumajandus.ee<\/li>\n<\/ol>\n","protected":false},"excerpt":{"rendered":"Agrone tehing L\u00e4tis vajab m\u00f5lema riigi konkurentsiameti heakskiitu&nbsp;&nbsp;ERR L\u00e4ti tootjad loodavad, et Agrone tulek tagab neile k\u00f5rgema piimahinna&nbsp;&nbsp;ERR&hellip;\n","protected":false},"author":2,"featured_media":265086,"comment_status":"","ping_status":"","sticky":false,"template":"","format":"standard","meta":{"footnotes":"","_share_on_mastodon":"0"},"categories":[12],"tags":[71,26,27,37,33,35,34,36,31,32,21,28,29,19,999,25,23,24,22,20,1084,30],"class_list":["post-265085","post","type-post","status-publish","format-standard","has-post-thumbnail","category-eesti","tag-arvamus","tag-breaking-news","tag-breakingnews","tag-ee","tag-eesti","tag-eesti-keel","tag-estonia","tag-estonian","tag-featured-news","tag-featurednews","tag-headlines","tag-latest-news","tag-latestnews","tag-news","tag-poliitika","tag-populaarseimad-lood","tag-top-stories","tag-topstories","tag-uldised-uudised","tag-uudised","tag-valismaa","tag-viimased-uudised"],"share_on_mastodon":{"url":"https:\/\/pubeurope.com\/@ee\/117191049531529889","error":""},"_links":{"self":[{"href":"https:\/\/www.europesays.com\/ee\/wp-json\/wp\/v2\/posts\/265085","targetHints":{"allow":["GET"]}}],"collection":[{"href":"https:\/\/www.europesays.com\/ee\/wp-json\/wp\/v2\/posts"}],"about":[{"href":"https:\/\/www.europesays.com\/ee\/wp-json\/wp\/v2\/types\/post"}],"author":[{"embeddable":true,"href":"https:\/\/www.europesays.com\/ee\/wp-json\/wp\/v2\/users\/2"}],"replies":[{"embeddable":true,"href":"https:\/\/www.europesays.com\/ee\/wp-json\/wp\/v2\/comments?post=265085"}],"version-history":[{"count":0,"href":"https:\/\/www.europesays.com\/ee\/wp-json\/wp\/v2\/posts\/265085\/revisions"}],"wp:featuredmedia":[{"embeddable":true,"href":"https:\/\/www.europesays.com\/ee\/wp-json\/wp\/v2\/media\/265086"}],"wp:attachment":[{"href":"https:\/\/www.europesays.com\/ee\/wp-json\/wp\/v2\/media?parent=265085"}],"wp:term":[{"taxonomy":"category","embeddable":true,"href":"https:\/\/www.europesays.com\/ee\/wp-json\/wp\/v2\/categories?post=265085"},{"taxonomy":"post_tag","embeddable":true,"href":"https:\/\/www.europesays.com\/ee\/wp-json\/wp\/v2\/tags?post=265085"}],"curies":[{"name":"wp","href":"https:\/\/api.w.org\/{rel}","templated":true}]}}