{"id":265087,"date":"2026-08-31T16:24:26","date_gmt":"2026-08-31T16:24:26","guid":{"rendered":"https:\/\/www.europesays.com\/ee\/265087\/"},"modified":"2026-08-31T16:24:26","modified_gmt":"2026-08-31T16:24:26","slug":"uskumatu-%e2%9f%a9-liis-lusmagi-nabis-ligi-kuu-aega-parast-rattavargust-suli-kinni-paev-nagu-korralik-miami-vice","status":"publish","type":"post","link":"https:\/\/www.europesays.com\/ee\/265087\/","title":{"rendered":"USKUMATU \u27e9 Liis Lusm\u00e4gi nabis ligi kuu aega p\u00e4rast rattavargust suli kinni: p\u00e4ev nagu korralik \u00abMiami Vice\u00bb"},"content":{"rendered":"<p>Nii uskumatu kui see ka ei olnud, kirjutas Liisile samal hetkel rattam\u00fc\u00fcja, et ta on n\u00f5us velo talle m\u00fc\u00fcma. \u00abSiis l\u00e4ksingi vargaga tehingusse. Minu juurde tuli hoopis kolmas tegelane, mingi noor kutt, kes k\u00fcsis, kas soovin proovis\u00f5itu teha. Enne seda helistasin patrullile ja \u00fctlesin, et nad kohale tuleks ja olukorra fikseeriks. Ja nad tulidki,\u00bb kirjeldab Liis.<\/p>\n<p>Noormees, kes Liisile ratta \u00abm\u00fc\u00fcs\u00bb, oli ilmselt mingi vahel\u00fcli. \u00ab\u00dctlesin talle, et see ratas on varastatud. Mees l\u00e4ks n\u00e4ost valgeks ja \u00fctles, et temale pakuti vahendustasuks piskut ja tema ei tea sellest midagi. Ma isegi uskusin teda korraks, kuigi on selge, et ta oli h\u00e4mara v\u00f5rgustikuga seotud.\u00bb<\/p>\n<p><img decoding=\"async\" class=\"figure__image\" onclick=\"triggerEvent('articleImageClick', { id: 17886821, focus: 'single-image', focusIndex: '17886821' })\" onkeydown=\"if (event.key === 'Enter') {&#10;        triggerEvent('articleImageClick', { id: 17886821, focus: 'single-image', focusIndex: '17886821' })&#10;        }\" role=\"button\" tabindex=\"0\" data-focus-from=\"single-image\" data-focus-index=\"17886821\" src=\"https:\/\/www.europesays.com\/ee\/wp-content\/uploads\/2026\/08\/17886821t1habbc.jpg\"  onload=\"this.parentElement.classList.remove('figure__image-loading')\" alt=\"Rattavaras saadi k\u00e4tte.\"\/>Rattavaras saadi k\u00e4tte. Foto: Kuvat\u00f5mmis Instagramist<\/p>\n<p>Lusm\u00e4gi lisab toimetusele, et tihtilugu visatakse s\u00e4\u00e4rased vargusjuhtumid paraku nurka.<\/p>\n<p>\u00abMa olin nii \u00fcllatunud, kuidas selle kolme n\u00e4dala jooksul nii paljud jagasid minu postitust ja mitmed kirjutasid, saatsid vihjeid!\u00bb Naine tunnistab, et mingil hetkel tal lootus tegelikult kadus. \u00abMa m\u00f5tlesin, et ratas on liiga hea ja spetsiaalsed detailid, et seda siin turul pakkuda, et j\u00e4\u00e4dakse vahele\u2026 mis ka juhtus.\u00bb<\/p>\n<p>Liis on vihje edastanud naisele l\u00f5pmata t\u00e4nulik.<\/p>\n<p>\u00abMa tahaks loota, et me ei v\u00f5ta kuidagi enesestm\u00f5istetavalt selliseid postitusi, et kui on v\u00f5imalik, jagame, aitame kaasa.\u00bb<\/p>\n","protected":false},"excerpt":{"rendered":"Nii uskumatu kui see ka ei olnud, kirjutas Liisile samal hetkel rattam\u00fc\u00fcja, et ta on n\u00f5us velo talle&hellip;\n","protected":false},"author":2,"featured_media":265088,"comment_status":"","ping_status":"","sticky":false,"template":"","format":"standard","meta":{"footnotes":"","_share_on_mastodon":"0"},"categories":[5],"tags":[26,27,37,33,35,34,36,8175,31,32,21,5922,8568,28,29,102934,772,92048,102936,19,353,25,19777,6046,102935,65994,16962,23,24,22,20,30],"class_list":["post-265087","post","type-post","status-publish","format-standard","has-post-thumbnail","category-uldised-uudised","tag-breaking-news","tag-breakingnews","tag-ee","tag-eesti","tag-eesti-keel","tag-estonia","tag-estonian","tag-facebook","tag-featured-news","tag-featurednews","tag-headlines","tag-instagram","tag-jalgratas","tag-latest-news","tag-latestnews","tag-liis-lusmae","tag-liis-lusmagi","tag-maastikuratas","tag-miami-vice","tag-news","tag-politsei","tag-populaarseimad-lood","tag-raadiohaal","tag-rae-vald","tag-rattavaras","tag-rattavargus","tag-saatejuht","tag-top-stories","tag-topstories","tag-uldised-uudised","tag-uudised","tag-viimased-uudised"],"share_on_mastodon":{"url":"","error":"Validation failed: Text character limit of 500 exceeded"},"_links":{"self":[{"href":"https:\/\/www.europesays.com\/ee\/wp-json\/wp\/v2\/posts\/265087","targetHints":{"allow":["GET"]}}],"collection":[{"href":"https:\/\/www.europesays.com\/ee\/wp-json\/wp\/v2\/posts"}],"about":[{"href":"https:\/\/www.europesays.com\/ee\/wp-json\/wp\/v2\/types\/post"}],"author":[{"embeddable":true,"href":"https:\/\/www.europesays.com\/ee\/wp-json\/wp\/v2\/users\/2"}],"replies":[{"embeddable":true,"href":"https:\/\/www.europesays.com\/ee\/wp-json\/wp\/v2\/comments?post=265087"}],"version-history":[{"count":0,"href":"https:\/\/www.europesays.com\/ee\/wp-json\/wp\/v2\/posts\/265087\/revisions"}],"wp:featuredmedia":[{"embeddable":true,"href":"https:\/\/www.europesays.com\/ee\/wp-json\/wp\/v2\/media\/265088"}],"wp:attachment":[{"href":"https:\/\/www.europesays.com\/ee\/wp-json\/wp\/v2\/media?parent=265087"}],"wp:term":[{"taxonomy":"category","embeddable":true,"href":"https:\/\/www.europesays.com\/ee\/wp-json\/wp\/v2\/categories?post=265087"},{"taxonomy":"post_tag","embeddable":true,"href":"https:\/\/www.europesays.com\/ee\/wp-json\/wp\/v2\/tags?post=265087"}],"curies":[{"name":"wp","href":"https:\/\/api.w.org\/{rel}","templated":true}]}}