{"id":265089,"date":"2026-08-31T16:32:15","date_gmt":"2026-08-31T16:32:15","guid":{"rendered":"https:\/\/www.europesays.com\/ee\/265089\/"},"modified":"2026-08-31T16:32:15","modified_gmt":"2026-08-31T16:32:15","slug":"majanduskasv-vastab-rahandusministeeriumi-ootustele-err","status":"publish","type":"post","link":"https:\/\/www.europesays.com\/ee\/265089\/","title":{"rendered":"Majanduskasv vastab rahandusministeeriumi ootustele &#8211; ERR"},"content":{"rendered":"<ol>\n<li><a href=\"https:\/\/news.google.com\/rss\/articles\/CBMiiAFBVV95cUxPRmktaDQwR1J4M25rbUVjdGFnYm4zUHF1Z09GT0pxTkVWbVZBX1VFb0dSeW9SOC1oY3R0MkV2Tkp2MVc2dWF3d19VYzYxTGpRWnU2N0ZNWEQyQjF0WVdhVnY4U2EwMUdSV2luYlI1cml0dElKZXRXcGF3QXV6bUpZUEdKTy1xcW9S?oc=5\" target=\"_blank\" rel=\"nofollow noopener\">Majanduskasv vastab rahandusministeeriumi ootustele<\/a>&nbsp;&nbsp;ERR<\/li>\n<li><a href=\"https:\/\/news.google.com\/rss\/articles\/CBMipAFBVV95cUxQdEVkUzBBZUdJZkxTb2toVnFndEpnUG9zcnB6a25TMlgyRGlIZEJ3cnJrT0d6c0l1NjR0TTZtYmdRdDZja2h5cTNENjQtVDMyRERiNEg3NlFtNGxuZF93c01hSTU1TElhcGZ2VW1YMENFbEdxdjRueHFCaFd5dVZva2lYdHk0T09EQ2RiMnpJTEc4Ymk5RGFTZUxZSVdOOUUyd192aw?oc=5\" target=\"_blank\" rel=\"nofollow noopener\">\u00d6konomistid peavad Eesti majanduse murekohaks investeeringute kahanemist<\/a>&nbsp;&nbsp;ERR<\/li>\n<li><a href=\"https:\/\/news.google.com\/rss\/articles\/CBMikwFBVV95cUxNVjdyRUlTQ3l3VGJaWFBBUjRPNHVhOG94cWZRWmVNUXBfZm1VRTZtUnZSNjh6UUJRRUVyZXdMUFNIOGk0anN5UXMyUFYxQ2k3RGhpTU5Va1B4MmVkNW9yUUZBTHVGZU52QmVQbXFoWlZyMVpZNGVnN01hTkhlbUJCYUtfTlU1SXViclVQRkhxNWphM3M?oc=5\" target=\"_blank\" rel=\"nofollow noopener\">Eesti majandus kasvas teises kvartalis 1,8 protsenti<\/a>&nbsp;&nbsp;\u00c4rileht<\/li>\n<li><a href=\"https:\/\/news.google.com\/rss\/articles\/CBMinAFBVV95cUxQYzdQc0hEQzREWHpIYWMzNHJlYmZ1ZGlLRG1rMS00YUlRWFAyT0hGNExIdWJLaU9ELTdlYXMtUkl6XzFYYjBieVVjaWFtQmJreHFsa19FZ090X2FacUNpeEhaSmxpVXVMcWlyYjJ3c1I3bm5MWHdUYVI3Z01QQXpETFdzSXhwV3QzR1ZON0RLQ3B0bmVubUlHRUROQUg?oc=5\" target=\"_blank\" rel=\"nofollow noopener\">\u00d6konomist: t\u00f5us on tagasi, kuid Eesti majanduse pikk vaade on n\u00f5rk<\/a>&nbsp;&nbsp;\u00d5htuleht<\/li>\n<li><a href=\"https:\/\/news.google.com\/rss\/articles\/CBMipgFBVV95cUxNcXpETF94R05wWHE0M1hOMGpYZnlvSEJRUGVhbDNPSFNDcXd1Y0VueDBDMTNfWFBfSTVMbG1jQmw5alhlTWNaZ01FWE1IakUtb2NJLW1OMGJZcXNpaTFIYTBiLXBxSnBTeTllQkoydkJ0TFhTd1I1dHpPVDRheWd5bTJsZmpiY1E4dFNyclpEbktWWUh5WnNXNVR5Q3dYVTlZM3NMcXNn?oc=5\" target=\"_blank\" rel=\"nofollow noopener\">Esimese kvartali majanduskasvu t\u00f5steti tagantj\u00e4rele suuremaks<\/a>&nbsp;&nbsp;\u00c4rip\u00e4ev<\/li>\n<\/ol>\n","protected":false},"excerpt":{"rendered":"Majanduskasv vastab rahandusministeeriumi ootustele&nbsp;&nbsp;ERR \u00d6konomistid peavad Eesti majanduse murekohaks investeeringute kahanemist&nbsp;&nbsp;ERR Eesti majandus kasvas teises kvartalis 1,8 protsenti&nbsp;&nbsp;\u00c4rileht&hellip;\n","protected":false},"author":2,"featured_media":265090,"comment_status":"","ping_status":"","sticky":false,"template":"","format":"standard","meta":{"footnotes":"","_share_on_mastodon":"0"},"categories":[14],"tags":[131,71,130,37,33,35,34,36,999,20,1084],"class_list":["post-265089","post","type-post","status-publish","format-standard","has-post-thumbnail","category-ari","tag-ari","tag-arvamus","tag-business","tag-ee","tag-eesti","tag-eesti-keel","tag-estonia","tag-estonian","tag-poliitika","tag-uudised","tag-valismaa"],"share_on_mastodon":{"url":"https:\/\/pubeurope.com\/@ee\/117191084983254844","error":""},"_links":{"self":[{"href":"https:\/\/www.europesays.com\/ee\/wp-json\/wp\/v2\/posts\/265089","targetHints":{"allow":["GET"]}}],"collection":[{"href":"https:\/\/www.europesays.com\/ee\/wp-json\/wp\/v2\/posts"}],"about":[{"href":"https:\/\/www.europesays.com\/ee\/wp-json\/wp\/v2\/types\/post"}],"author":[{"embeddable":true,"href":"https:\/\/www.europesays.com\/ee\/wp-json\/wp\/v2\/users\/2"}],"replies":[{"embeddable":true,"href":"https:\/\/www.europesays.com\/ee\/wp-json\/wp\/v2\/comments?post=265089"}],"version-history":[{"count":0,"href":"https:\/\/www.europesays.com\/ee\/wp-json\/wp\/v2\/posts\/265089\/revisions"}],"wp:featuredmedia":[{"embeddable":true,"href":"https:\/\/www.europesays.com\/ee\/wp-json\/wp\/v2\/media\/265090"}],"wp:attachment":[{"href":"https:\/\/www.europesays.com\/ee\/wp-json\/wp\/v2\/media?parent=265089"}],"wp:term":[{"taxonomy":"category","embeddable":true,"href":"https:\/\/www.europesays.com\/ee\/wp-json\/wp\/v2\/categories?post=265089"},{"taxonomy":"post_tag","embeddable":true,"href":"https:\/\/www.europesays.com\/ee\/wp-json\/wp\/v2\/tags?post=265089"}],"curies":[{"name":"wp","href":"https:\/\/api.w.org\/{rel}","templated":true}]}}