{"id":265107,"date":"2026-08-31T16:58:43","date_gmt":"2026-08-31T16:58:43","guid":{"rendered":"https:\/\/www.europesays.com\/ee\/265107\/"},"modified":"2026-08-31T16:58:43","modified_gmt":"2026-08-31T16:58:43","slug":"vene-meelsed-hakkerid-rundasid-norra-valitsussektorit","status":"publish","type":"post","link":"https:\/\/www.europesays.com\/ee\/265107\/","title":{"rendered":"Vene-meelsed h\u00e4kkerid r\u00fcndasid Norra valitsussektorit"},"content":{"rendered":"<p>Vene-meelne h\u00e4kkerir\u00fchmitus Server Killers, mis on tegutsenud alates 2023. aastast ning varem r\u00fcnnanud sihtm\u00e4rke Rumeenias ja Kanadas, korraldas Norra valitsussektori vastu rea laiaulatuslikke k\u00fcberr\u00fcnnakuid.<\/p>\n<p>Ukrainlaste uudisteagentuuri Ukrinform andmetel teatas sellest Ukraina riikliku julgeoleku ja kaitsen\u00f5ukogu alluvuses tegutsev valeinformatsiooniga v\u00f5itlemise keskus (CCD).<\/p>\n","protected":false},"excerpt":{"rendered":"Vene-meelne h\u00e4kkerir\u00fchmitus Server Killers, mis on tegutsenud alates 2023. aastast ning varem r\u00fcnnanud sihtm\u00e4rke Rumeenias ja Kanadas, korraldas&hellip;\n","protected":false},"author":2,"featured_media":265108,"comment_status":"","ping_status":"","sticky":false,"template":"","format":"standard","meta":{"footnotes":"","_share_on_mastodon":"0"},"categories":[5],"tags":[26,27,37,33,35,34,36,31,32,21,21640,766,28,29,19,102939,25,102788,23,24,262,22,20,37204,30],"class_list":["post-265107","post","type-post","status-publish","format-standard","has-post-thumbnail","category-uldised-uudised","tag-breaking-news","tag-breakingnews","tag-ee","tag-eesti","tag-eesti-keel","tag-estonia","tag-estonian","tag-featured-news","tag-featurednews","tag-headlines","tag-kuberkaitse","tag-kuberrunnak","tag-latest-news","tag-latestnews","tag-news","tag-norra-valitsus","tag-populaarseimad-lood","tag-server-killers","tag-top-stories","tag-topstories","tag-ukraina","tag-uldised-uudised","tag-uudised","tag-venemaa-hubriidsoda","tag-viimased-uudised"],"share_on_mastodon":{"url":"https:\/\/pubeurope.com\/@ee\/117191187205530243","error":""},"_links":{"self":[{"href":"https:\/\/www.europesays.com\/ee\/wp-json\/wp\/v2\/posts\/265107","targetHints":{"allow":["GET"]}}],"collection":[{"href":"https:\/\/www.europesays.com\/ee\/wp-json\/wp\/v2\/posts"}],"about":[{"href":"https:\/\/www.europesays.com\/ee\/wp-json\/wp\/v2\/types\/post"}],"author":[{"embeddable":true,"href":"https:\/\/www.europesays.com\/ee\/wp-json\/wp\/v2\/users\/2"}],"replies":[{"embeddable":true,"href":"https:\/\/www.europesays.com\/ee\/wp-json\/wp\/v2\/comments?post=265107"}],"version-history":[{"count":0,"href":"https:\/\/www.europesays.com\/ee\/wp-json\/wp\/v2\/posts\/265107\/revisions"}],"wp:featuredmedia":[{"embeddable":true,"href":"https:\/\/www.europesays.com\/ee\/wp-json\/wp\/v2\/media\/265108"}],"wp:attachment":[{"href":"https:\/\/www.europesays.com\/ee\/wp-json\/wp\/v2\/media?parent=265107"}],"wp:term":[{"taxonomy":"category","embeddable":true,"href":"https:\/\/www.europesays.com\/ee\/wp-json\/wp\/v2\/categories?post=265107"},{"taxonomy":"post_tag","embeddable":true,"href":"https:\/\/www.europesays.com\/ee\/wp-json\/wp\/v2\/tags?post=265107"}],"curies":[{"name":"wp","href":"https:\/\/api.w.org\/{rel}","templated":true}]}}