{"id":265117,"date":"2026-08-31T17:18:27","date_gmt":"2026-08-31T17:18:27","guid":{"rendered":"https:\/\/www.europesays.com\/ee\/265117\/"},"modified":"2026-08-31T17:18:27","modified_gmt":"2026-08-31T17:18:27","slug":"soome-teise-astme-kohus-muutis-vene-sojakurjategija-eluaegse-vanglakaristuse-marksa-luhemaks","status":"publish","type":"post","link":"https:\/\/www.europesays.com\/ee\/265117\/","title":{"rendered":"Soome teise astme kohus muutis Vene s\u00f5jakurjategija eluaegse vanglakaristuse m\u00e4rksa l\u00fchemaks"},"content":{"rendered":"<p>Kohus m\u00e4\u00e4ras Tordenile selle asemel 12 aasta ja kuue kuu pikkuse vanglakaristuse, teatab Helsingin Sanomat.<\/p>\n<p>See t\u00e4hendab karistusaja olulist l\u00fchenemist. Helsingin Sanomate teatel istutakse eluaegsest vanglakaristusest <a rel=\"noopener nofollow\" target=\"_blank\" href=\"https:\/\/www.delfi.ee\/teema\/25259589\/soome\" tag-id=\"25259589\">Soomes<\/a> t\u00e4nap\u00e4eval keskmiselt \u00e4ra \u00fcle 14 aasta, aga kindla pikkusega vanglakaristusest v\u00f5idakse esimest korda karistatul pool maha arvestada. Nii v\u00f5ib Tordeni karistusaeg p\u00f5him\u00f5tteliselt l\u00fcheneda kuuele aastale, millest ta on juba suure osa \u00e4ra istunud.<\/p>\n<p>Teise astme kohus (hovioikeus) leidis, et Torden on s\u00fc\u00fcdi kolmes s\u00f5jakuriteos. Esimese astme kohus (k\u00e4r\u00e4j\u00e4oikeus) m\u00f5istis Tordeni s\u00fc\u00fcdi neljas s\u00f5jakuriteos. S\u00fc\u00fcdistusi esitati viis.<\/p>\n<p>Teise astme kohus l\u00e4henes s\u00fc\u00fcdistustele teistmoodi ja v\u00f5ttis karistuse m\u00e4\u00e4ramisel arvesse muu hulgas ka s\u00f5jakuritegude eest karistamise rahvusvahelise praktika.<\/p>\n<p>\u00dcks sisuline muudatus oli teise astme kohtu hinnangul see, mis toimus 2014. aastal \u00fche Ida-<a rel=\"noopener nofollow\" target=\"_blank\" href=\"https:\/\/www.delfi.ee\/teema\/25048531\/ukraina\" tag-id=\"25048531\">Ukraina<\/a> teet\u00f5kke juures. Tordenit s\u00fc\u00fcdistati Ukraina lippu peibutisena kuritarvitades toime pandud varitsusr\u00fcnnakus, milles hukkus 22 Ukraina pataljoni Aidar s\u00f5durit.<\/p>\n<p>S\u00fc\u00fcdistuses v\u00e4ideti, et Tordenil olid \u00fclema volitused ja ta tulistas ka ise ukrainlaste pihta.<\/p>\n<p>Esimese astme kohus m\u00f5istis Tordeni selles punktis \u00f5igeks. N\u00fc\u00fcd leidis teise astme kohus samuti, et Tordenil ei olnud \u00fclema vastutust, aga ta tulistas Ukraina lippu varitsuseks kuritarvitades ise ukrainlaste pihta ja on seega s\u00f5jakuriteos s\u00fc\u00fcdi.<\/p>\n<p>Ukraina s\u00f5durid arvasid lipu p\u00f5hjal, et teet\u00f5ke on ukrainlaste kontrolli all ja neli on vastas omad.<\/p>\n<p>Teise astme kohus otsis sellisele teole Soomest ja rahvusvaheliselt pretsedenti, aga ei leidnud seda.<\/p>\n<p>\u201eV\u00f5\u00f5rriigi lipu kasutamine vaenlase eksitamiseks on p\u00f5him\u00f5tteline ja t\u00f5sine s\u00f5jaseaduste rikkumine,\u201c leidis kohus.<\/p>\n<p>Raskendavad asjaolud olid teo ettekavatsetus ning kasutatud relvastus ja muu varustus. Kasutusel oli muu hulgas termobaariline rakett.<\/p>\n<p>Torden n\u00e4itas lisaks eeskuju k\u00e4suahelas endast madalamal olnutele ja tootis olukorrast s\u00f5japropagandamaterjali.<\/p>\n<p>Teine s\u00fc\u00fcdistus puudutas seda, mis toimus kohe p\u00e4rast varitsusr\u00fcnnakut, kui tulistati haavatud s\u00f5dureid.<\/p>\n<p>Teise astme kohus l\u00fckkas selle s\u00fc\u00fcdistuse tagasi ja m\u00e4rkis, et ei ole t\u00f5endatud, et Torden oleks ise haavatuid tulistanud v\u00f5i et seda oleksid teinud grupi kaks \u00fclej\u00e4\u00e4nud liiget.<\/p>\n<p>Kolmas s\u00fc\u00fcdistus puudutas haavatu p\u00f5sele l\u00f5igatud Russit\u0161i m\u00e4rki. Teise astme kohus l\u00fckkas s\u00fc\u00fcdistuse tagasi, sest leidis, et haav oli pinnapealne ja sellest ei tulnud verd. Seega ei olnud kohtu s\u00f5nul tegemist tegevusega, mille eesm\u00e4rk oli tekitada ohvrile suuri f\u00fc\u00fcsilisi ja vaimseid kannatusi.<\/p>\n<p>Neljanda ja viienda s\u00fc\u00fcdistuse kohta j\u00e4i teise astme kohus p\u00f5hiosas samale seisukohale kui esimese astme kohus.<\/p>\n<p>Torden poseeris v\u00e4idetavalt Ukraina s\u00f5duri surnukehaga seda m\u00f5nitades fotode jaoks, mis avaldati muu hulgas sotsiaalmeedias.<\/p>\n<p>Selle lugesid m\u00f5lemad kohtud s\u00f5jakuriteoks.<\/p>\n<p>Viienda s\u00fc\u00fcdistuse j\u00e4rgi andis Torden r\u00fchmituse \u00fclema aset\u00e4itjana internetis teada, et r\u00fchmitus ei anna armu ega v\u00f5ta vange.<\/p>\n<p>Neil s\u00fc\u00fcdistustel ei olnud olulist m\u00f5ju karistusele, aga need r\u00f5hutasid teise astme kohtu s\u00f5nul Tordeni hoolimatust ja lugupidamatust rahvusvahelises relvakonfliktis j\u00e4rgitavate p\u00f5him\u00f5tteliste s\u00f5jaseaduste vastu.<\/p>\n<p>Tordenit kohustati maksma hukkunud s\u00f5durite l\u00e4hedastele, keda on \u00fcle 80, h\u00fcvitist, mille kogusumma t\u00f5useb \u00fcle 750 000 euro.<\/p>\n<p>Tordeni advokaat Heikki Lampela peab otsust kaitse oluliseks v\u00f5iduks, sest eluaegne vanglakaristus muutus m\u00e4rksa l\u00fchemaks.<\/p>\n<p>Lampela s\u00f5nul tahab Torden veel edasi kaevata, sest leiab, et ei ole Ukraina lippu kasutades kedagi eksitanud.<\/p>\n<p>Torden vahistati Helsingi-Vantaa lennujaamas 2023. aasta suvel.<\/p>\n<p>Kuidas see lugu Sind end tundma pani?Saada<a href=\"https:\/\/www.delfi.ee\/artikkel\/120607277\/soome-teise-astme-kohus-muutis-vene-sojakurjategija-eluaegse-vanglakaristuse-marksa-luhemaks\/kommentaarid\" class=\"button button--primary button--size-auto article-body-bottom__comment article-body-bottom__comment--write\" style=\"\" rel=\"nofollow noopener\" target=\"_blank\">Kommenteeri<\/a><a href=\"https:\/\/www.delfi.ee\/artikkel\/120607277\/soome-teise-astme-kohus-muutis-vene-sojakurjategija-eluaegse-vanglakaristuse-marksa-luhemaks\/kommentaarid\" class=\"button button--size-auto article-body-bottom__comment article-body-bottom__comment--read\" style=\"\" rel=\"nofollow noopener\" target=\"_blank\">Loe kommentaare (25)<\/a><\/p>\n","protected":false},"excerpt":{"rendered":"Kohus m\u00e4\u00e4ras Tordenile selle asemel 12 aasta ja kuue kuu pikkuse vanglakaristuse, teatab Helsingin Sanomat. See t\u00e4hendab karistusaja&hellip;\n","protected":false},"author":2,"featured_media":265118,"comment_status":"","ping_status":"","sticky":false,"template":"","format":"standard","meta":{"footnotes":"","_share_on_mastodon":"0"},"categories":[80],"tags":[26,27,37,33,35,34,36,31,32,21,3950,28,29,95,19,25,19420,113,23,24,262,22,20,96,30,92,93,94],"class_list":["post-265117","post","type-post","status-publish","format-standard","has-post-thumbnail","category-maailm","tag-breaking-news","tag-breakingnews","tag-ee","tag-eesti","tag-eesti-keel","tag-estonia","tag-estonian","tag-featured-news","tag-featurednews","tag-headlines","tag-helsingi","tag-latest-news","tag-latestnews","tag-maailm","tag-news","tag-populaarseimad-lood","tag-sojakuriteod","tag-soome","tag-top-stories","tag-topstories","tag-ukraina","tag-uldised-uudised","tag-uudised","tag-venemaa","tag-viimased-uudised","tag-world","tag-world-news","tag-worldnews"],"share_on_mastodon":{"url":"https:\/\/pubeurope.com\/@ee\/117191265747500910","error":""},"_links":{"self":[{"href":"https:\/\/www.europesays.com\/ee\/wp-json\/wp\/v2\/posts\/265117","targetHints":{"allow":["GET"]}}],"collection":[{"href":"https:\/\/www.europesays.com\/ee\/wp-json\/wp\/v2\/posts"}],"about":[{"href":"https:\/\/www.europesays.com\/ee\/wp-json\/wp\/v2\/types\/post"}],"author":[{"embeddable":true,"href":"https:\/\/www.europesays.com\/ee\/wp-json\/wp\/v2\/users\/2"}],"replies":[{"embeddable":true,"href":"https:\/\/www.europesays.com\/ee\/wp-json\/wp\/v2\/comments?post=265117"}],"version-history":[{"count":0,"href":"https:\/\/www.europesays.com\/ee\/wp-json\/wp\/v2\/posts\/265117\/revisions"}],"wp:featuredmedia":[{"embeddable":true,"href":"https:\/\/www.europesays.com\/ee\/wp-json\/wp\/v2\/media\/265118"}],"wp:attachment":[{"href":"https:\/\/www.europesays.com\/ee\/wp-json\/wp\/v2\/media?parent=265117"}],"wp:term":[{"taxonomy":"category","embeddable":true,"href":"https:\/\/www.europesays.com\/ee\/wp-json\/wp\/v2\/categories?post=265117"},{"taxonomy":"post_tag","embeddable":true,"href":"https:\/\/www.europesays.com\/ee\/wp-json\/wp\/v2\/tags?post=265117"}],"curies":[{"name":"wp","href":"https:\/\/api.w.org\/{rel}","templated":true}]}}