{"id":265119,"date":"2026-08-31T17:20:05","date_gmt":"2026-08-31T17:20:05","guid":{"rendered":"https:\/\/www.europesays.com\/ee\/265119\/"},"modified":"2026-08-31T17:20:05","modified_gmt":"2026-08-31T17:20:05","slug":"lehtede-juhtkirjad-jaid-eriarvamusele-erakorraliste-valimiste-vajalikkuses-eesti","status":"publish","type":"post","link":"https:\/\/www.europesays.com\/ee\/265119\/","title":{"rendered":"Lehtede juhtkirjad j\u00e4id eriarvamusele erakorraliste valimiste vajalikkuses | Eesti"},"content":{"rendered":"<p>Kui Postimees leidis juhtkirjas, et erakorralised valimised v\u00f5iks tuua Eesti poliitikasse v\u00e4rskust, siis Delfi leidis, et erakorraliste valimiste jutt pole siiras ja ei maksa lasta end sellest lollitada.<\/p>\n<p>Eesti kaks suuremat erameedia v\u00e4ljaannet j\u00e4id t\u00e4iesti erinevatele arvamustele erakorraliste valimiste vajalikkuses, mille k\u00e4isid v\u00e4lja EKRE, Isamaa ja Keskerakond.<\/p>\n<p>&#8220;Eesti poliitika on j\u00e4rgmiseks pooleks aastaks sattunud tiksuvasse olekusse, mis vajaks h\u00e4dasti v\u00e4rskendust. Erakorralised valimised on selleks t\u00e4iesti normaalne demokraatia instrument, et rahvaesindajate mandaati v\u00e4rskendada,&#8221; kirjutas <a href=\"https:\/\/arvamus.postimees.ee\/8536682\/juhtkiri-erakorraline-aeg-nouab-erakorralisi-valimisi\" target=\"_blank\" rel=\"noopener nofollow\">Postimees juhtkirjas<\/a>.<\/p>\n<p>Leht lisas, et Reformierakonna ja Eesti 200 valitsuse mandaat on paraku juba \u00fchiskonna silmis enne korralisi valimisi l\u00f5puni \u00e4ra kulunud. Samuti ollakse riigikogus v\u00e4hemuses. Seet\u00f5ttu ei ole n\u00e4ha, et suudetaks v\u00f5i soovitaks veel ette v\u00f5tta mingeid otsustavaid samme.<\/p>\n<p><a href=\"https:\/\/arvamus.delfi.ee\/artikkel\/120607097\/juhtkiri-argem-laskem-end-erakorraliste-valimiste-jutuga-lollitada\" target=\"_blank\" rel=\"noopener nofollow\">Delfi<\/a> seevastu leidis juhtkirjas, et jutt erakorralistest valimistest on praegu paljuski mugavuspositsioonilt \u00f5hku tulistamine. Seda tehakse teadmisega, et valimisi keegi Eestis niisama v\u00e4lja kuulutada ei saa. K\u00fcll saab nende n\u00f5udmisega mobiliseerida enda taha rahulolematust, mis praegust valitsust saadab.<\/p>\n<p>&#8220;Isamaa, Keskerakond ja EKRE, kui te m\u00f5tlete oma juttu t\u00f5siselt, siis n\u00e4idake seda tegudega: leidke riigikogus 51 h\u00e4\u00e4lt, kes on valmis\u00a0Kristen Michali\u00a0valitsuse p\u00e4riselt kukutama. Alles siis tekib teie jutule t\u00f5siselt v\u00f5etavam sisu. Kui te sellise enamuse leiate, siis on ju igati loogiline, et panete ka ise kokku uue valitsuse ehk k\u00f5rvaldate Reformierakonna ja Eesti 200 v\u00f5imult erakorraliste valimistetagi.&#8221;<\/p>\n","protected":false},"excerpt":{"rendered":"Kui Postimees leidis juhtkirjas, et erakorralised valimised v\u00f5iks tuua Eesti poliitikasse v\u00e4rskust, siis Delfi leidis, et erakorraliste valimiste&hellip;\n","protected":false},"author":2,"featured_media":265120,"comment_status":"","ping_status":"","sticky":false,"template":"","format":"standard","meta":{"footnotes":"","_share_on_mastodon":"0"},"categories":[12],"tags":[26,27,662,37,33,35,61802,34,36,31,32,21,28,29,19,25,1721,23,24,22,20,30],"class_list":["post-265119","post","type-post","status-publish","format-standard","has-post-thumbnail","category-eesti","tag-breaking-news","tag-breakingnews","tag-delfi","tag-ee","tag-eesti","tag-eesti-keel","tag-erakorralised-valimised","tag-estonia","tag-estonian","tag-featured-news","tag-featurednews","tag-headlines","tag-latest-news","tag-latestnews","tag-news","tag-populaarseimad-lood","tag-postimees","tag-top-stories","tag-topstories","tag-uldised-uudised","tag-uudised","tag-viimased-uudised"],"share_on_mastodon":{"url":"https:\/\/pubeurope.com\/@ee\/117191273591581447","error":""},"_links":{"self":[{"href":"https:\/\/www.europesays.com\/ee\/wp-json\/wp\/v2\/posts\/265119","targetHints":{"allow":["GET"]}}],"collection":[{"href":"https:\/\/www.europesays.com\/ee\/wp-json\/wp\/v2\/posts"}],"about":[{"href":"https:\/\/www.europesays.com\/ee\/wp-json\/wp\/v2\/types\/post"}],"author":[{"embeddable":true,"href":"https:\/\/www.europesays.com\/ee\/wp-json\/wp\/v2\/users\/2"}],"replies":[{"embeddable":true,"href":"https:\/\/www.europesays.com\/ee\/wp-json\/wp\/v2\/comments?post=265119"}],"version-history":[{"count":0,"href":"https:\/\/www.europesays.com\/ee\/wp-json\/wp\/v2\/posts\/265119\/revisions"}],"wp:featuredmedia":[{"embeddable":true,"href":"https:\/\/www.europesays.com\/ee\/wp-json\/wp\/v2\/media\/265120"}],"wp:attachment":[{"href":"https:\/\/www.europesays.com\/ee\/wp-json\/wp\/v2\/media?parent=265119"}],"wp:term":[{"taxonomy":"category","embeddable":true,"href":"https:\/\/www.europesays.com\/ee\/wp-json\/wp\/v2\/categories?post=265119"},{"taxonomy":"post_tag","embeddable":true,"href":"https:\/\/www.europesays.com\/ee\/wp-json\/wp\/v2\/tags?post=265119"}],"curies":[{"name":"wp","href":"https:\/\/api.w.org\/{rel}","templated":true}]}}