{"id":265125,"date":"2026-08-31T17:28:11","date_gmt":"2026-08-31T17:28:11","guid":{"rendered":"https:\/\/www.europesays.com\/ee\/265125\/"},"modified":"2026-08-31T17:28:11","modified_gmt":"2026-08-31T17:28:11","slug":"foto-%e2%9f%a9-vueltal-raskelt-kukkunud-pogacar-tervitas-fanne-haiglavoodist","status":"publish","type":"post","link":"https:\/\/www.europesays.com\/ee\/265125\/","title":{"rendered":"FOTO \u27e9 Vueltal raskelt kukkunud Pogacar tervitas f\u00e4nne haiglavoodist"},"content":{"rendered":"<p>Hispaania velotuuri Vuelta \u00fcldliider Tadej Pogacar viidi p\u00e4rast rasket kukkumist laup\u00e4eval haiglasse ning katkestas. P\u00fchap\u00e4eval andis sloveen sotsiaalmeedias oma seisust teada.<\/p>\n<p>Pogacar postitas sotsiaalmeediasse foto, kus ta lamab haiglavoodis kaelalahases. Viiekordsel Tour de France\u2019i v\u00f5itjal on piltidel n\u00e4ha plaastrid vasaku kulmu juures ja vasakul k\u00e4el.<\/p>\n","protected":false},"excerpt":{"rendered":"Hispaania velotuuri Vuelta \u00fcldliider Tadej Pogacar viidi p\u00e4rast rasket kukkumist laup\u00e4eval haiglasse ning katkestas. P\u00fchap\u00e4eval andis sloveen sotsiaalmeedias&hellip;\n","protected":false},"author":2,"featured_media":265126,"comment_status":"","ping_status":"","sticky":false,"template":"","format":"standard","meta":{"footnotes":"","_share_on_mastodon":"0"},"categories":[18],"tags":[37,33,35,34,36,159,158,5382,2477],"class_list":["post-265125","post","type-post","status-publish","format-standard","has-post-thumbnail","category-sport","tag-ee","tag-eesti","tag-eesti-keel","tag-estonia","tag-estonian","tag-sport","tag-sports","tag-tadej-pogacar","tag-vuelta"],"share_on_mastodon":{"url":"https:\/\/pubeurope.com\/@ee\/117191305439089200","error":""},"_links":{"self":[{"href":"https:\/\/www.europesays.com\/ee\/wp-json\/wp\/v2\/posts\/265125","targetHints":{"allow":["GET"]}}],"collection":[{"href":"https:\/\/www.europesays.com\/ee\/wp-json\/wp\/v2\/posts"}],"about":[{"href":"https:\/\/www.europesays.com\/ee\/wp-json\/wp\/v2\/types\/post"}],"author":[{"embeddable":true,"href":"https:\/\/www.europesays.com\/ee\/wp-json\/wp\/v2\/users\/2"}],"replies":[{"embeddable":true,"href":"https:\/\/www.europesays.com\/ee\/wp-json\/wp\/v2\/comments?post=265125"}],"version-history":[{"count":0,"href":"https:\/\/www.europesays.com\/ee\/wp-json\/wp\/v2\/posts\/265125\/revisions"}],"wp:featuredmedia":[{"embeddable":true,"href":"https:\/\/www.europesays.com\/ee\/wp-json\/wp\/v2\/media\/265126"}],"wp:attachment":[{"href":"https:\/\/www.europesays.com\/ee\/wp-json\/wp\/v2\/media?parent=265125"}],"wp:term":[{"taxonomy":"category","embeddable":true,"href":"https:\/\/www.europesays.com\/ee\/wp-json\/wp\/v2\/categories?post=265125"},{"taxonomy":"post_tag","embeddable":true,"href":"https:\/\/www.europesays.com\/ee\/wp-json\/wp\/v2\/tags?post=265125"}],"curies":[{"name":"wp","href":"https:\/\/api.w.org\/{rel}","templated":true}]}}