{"id":265127,"date":"2026-08-31T17:29:08","date_gmt":"2026-08-31T17:29:08","guid":{"rendered":"https:\/\/www.europesays.com\/ee\/265127\/"},"modified":"2026-08-31T17:29:08","modified_gmt":"2026-08-31T17:29:08","slug":"naaberriikidest-hispaaniani-randlusstatistika-paljastab-kuhu-eestlased-sel-suvel-koige-rohkem-reisisid","status":"publish","type":"post","link":"https:\/\/www.europesays.com\/ee\/265127\/","title":{"rendered":"Naaberriikidest Hispaaniani. R\u00e4ndlusstatistika paljastab, kuhu eestlased sel suvel k\u00f5ige rohkem reisisid"},"content":{"rendered":"<p class=\"x_Paragraph x_SCXW199471996 x_BCX8\">Tele2 suvekuude statistika n\u00e4itab, et eestlaste reisieelistustes hoiavad tugevat positsiooni just l\u00e4hemad sihtkohad. \u00dcheks k\u00f5ige populaarsemaks v\u00e4lisriigiks on meie naaber L\u00e4ti, samuti Soome ja Leedu ning eestlased k\u00fclastasid suvel palju ka Poolat ning Rootsit. Saksamaa, Itaalia ja Hispaania on samuti enim k\u00fclastatud riikide seas. <\/p>\n<p class=\"x_Paragraph x_SCXW199471996 x_BCX8\">Euroopa Liidust v\u00e4ljaspool olid suvel populaarsemate sihtkohtade hulgas Suurbritannia ja \u0160veits, kaugematest riikidest paistis silma ka USA. S\u00fcgisel kasvab Tele2 andmetel inimeste huvi T\u00fcrgi, Egiptuse ja Aasia riikide vastu. Talvehooajal lisandub Kariibi mere piirkond ja teised kaugemad p\u00e4ikesesihtkohad.<\/p>\n<p>Reisil kulub mobiilset andmesidet j\u00e4rjest rohkem<\/p>\n<p class=\"x_Paragraph x_SCXW199471996 x_BCX8\">Inimesed reisivad \u00fcha enam ja nii on ka v\u00e4lismaal kasutatava mobiilse interneti maht iga aastaga j\u00f5udsalt kasvanud. Puhkuse k\u00f5rval on reisimise eesm\u00e4rgiks aina sagedamini ka t\u00f6\u00f6. Euroopa Liidu riikides kasutasid Tele2 kliendid suvekuudel ligi 20 protsenti rohkem mobiilset internetti kui aasta varem.<\/p>\n<p>Telefonist on saanud korraga kaart, reisijuht, maksevahend, t\u00f5lk, meelelahutuskeskus ja t\u00f6\u00f6vahend.<\/p>\n<p>Lauri Vavulski<\/p>\n<p class=\"x_Paragraph x_SCXW199471996 x_BCX8\">Tele2 <a rel=\"noopener nofollow\" target=\"_blank\" href=\"https:\/\/www.delfi.ee\/teema\/96883411\/randlus\" tag-id=\"96883411\">r\u00e4ndlusteenuse<\/a> \u00e4rijuht Lauri Vavulski hinnangul peegeldab kasv seda, et interneti\u00fchendus on muutunud reisimise loomulikuks osaks. \u201eInimesed ei l\u00e4he reisile enam digielust puhkama ja v\u00e4lismaal kasutatav andmemaht liigub j\u00e4rjest l\u00e4hemale sellele, millega oleme kodus harjunud. Telefonist on saanud korraga kaart, reisijuht, maksevahend, t\u00f5lk, meelelahutuskeskus ja t\u00f6\u00f6vahend. Ka t\u00f6\u00f6reisidel on t\u00e4nap\u00e4eval keeruline ilma stabiilse interneti\u00fchenduseta hakkama saada,\u201c \u00fctles Vavulski.<\/p>\n<p class=\"x_Paragraph x_SCXW199471996 x_BCX8\">Tema s\u00f5nul v\u00f5tavad mitmed tegevused t\u00e4nap\u00e4eval rohkem andmemahtu kui m\u00f5ni aasta tagasi. \u201eVideod on kvaliteetsemad, sotsiaalmeedias on rohkem videosisu ja j\u00e4rjest enam teenuseid t\u00f6\u00f6tab pidevalt interneti\u00fchenduse toel,\u201c lisas Vavulski.<\/p>\n<p>Kuidas see lugu Sind end tundma pani?Saada<a href=\"https:\/\/reisijuht.delfi.ee\/artikkel\/120607366\/naaberriikidest-hispaaniani-randlusstatistika-paljastab-kuhu-eestlased-sel-suvel-koige-rohkem-reisisid\/kommentaarid\" class=\"button button--primary button--size-auto article-body-bottom__comment article-body-bottom__comment--write\" style=\"\" rel=\"nofollow noopener\" target=\"_blank\">Kommenteeri<\/a><a href=\"https:\/\/reisijuht.delfi.ee\/artikkel\/120607366\/naaberriikidest-hispaaniani-randlusstatistika-paljastab-kuhu-eestlased-sel-suvel-koige-rohkem-reisisid\/kommentaarid\" class=\"button button--size-auto article-body-bottom__comment article-body-bottom__comment--read\" style=\"\" rel=\"nofollow noopener\" target=\"_blank\">Loe kommentaare (5)<\/a><\/p>\n","protected":false},"excerpt":{"rendered":"Tele2 suvekuude statistika n\u00e4itab, et eestlaste reisieelistustes hoiavad tugevat positsiooni just l\u00e4hemad sihtkohad. \u00dcheks k\u00f5ige populaarsemaks v\u00e4lisriigiks on&hellip;\n","protected":false},"author":2,"featured_media":265128,"comment_status":"","ping_status":"","sticky":false,"template":"","format":"standard","meta":{"footnotes":"","_share_on_mastodon":"0"},"categories":[14],"tags":[131,130,37,33,35,34,36,75265,1250],"class_list":["post-265127","post","type-post","status-publish","format-standard","has-post-thumbnail","category-ari","tag-ari","tag-business","tag-ee","tag-eesti","tag-eesti-keel","tag-estonia","tag-estonian","tag-randlus","tag-reisimine"],"share_on_mastodon":{"url":"https:\/\/pubeurope.com\/@ee\/117191309220730674","error":""},"_links":{"self":[{"href":"https:\/\/www.europesays.com\/ee\/wp-json\/wp\/v2\/posts\/265127","targetHints":{"allow":["GET"]}}],"collection":[{"href":"https:\/\/www.europesays.com\/ee\/wp-json\/wp\/v2\/posts"}],"about":[{"href":"https:\/\/www.europesays.com\/ee\/wp-json\/wp\/v2\/types\/post"}],"author":[{"embeddable":true,"href":"https:\/\/www.europesays.com\/ee\/wp-json\/wp\/v2\/users\/2"}],"replies":[{"embeddable":true,"href":"https:\/\/www.europesays.com\/ee\/wp-json\/wp\/v2\/comments?post=265127"}],"version-history":[{"count":0,"href":"https:\/\/www.europesays.com\/ee\/wp-json\/wp\/v2\/posts\/265127\/revisions"}],"wp:featuredmedia":[{"embeddable":true,"href":"https:\/\/www.europesays.com\/ee\/wp-json\/wp\/v2\/media\/265128"}],"wp:attachment":[{"href":"https:\/\/www.europesays.com\/ee\/wp-json\/wp\/v2\/media?parent=265127"}],"wp:term":[{"taxonomy":"category","embeddable":true,"href":"https:\/\/www.europesays.com\/ee\/wp-json\/wp\/v2\/categories?post=265127"},{"taxonomy":"post_tag","embeddable":true,"href":"https:\/\/www.europesays.com\/ee\/wp-json\/wp\/v2\/tags?post=265127"}],"curies":[{"name":"wp","href":"https:\/\/api.w.org\/{rel}","templated":true}]}}