{"id":265133,"date":"2026-08-31T17:32:33","date_gmt":"2026-08-31T17:32:33","guid":{"rendered":"https:\/\/www.europesays.com\/ee\/265133\/"},"modified":"2026-08-31T17:32:33","modified_gmt":"2026-08-31T17:32:33","slug":"jurgenson-sattus-enne-viimast-kiiruskatset-liiklusonnetusse","status":"publish","type":"post","link":"https:\/\/www.europesays.com\/ee\/265133\/","title":{"rendered":"J\u00fcrgenson sattus enne viimast kiiruskatset liiklus\u00f5nnetusse"},"content":{"rendered":"<p>\u00abOotasin seda rallit v\u00e4ga, sest arvasin, et need teed sobivad mulle h\u00e4sti ja korralik tulemus peaks olema v\u00f5imalik. Kahjuks hakkasid asjad juba esimesel katsel juhtuma ja seet\u00f5ttu kaotasime reede hommikul v\u00e4\u00e4rtuslikku aega,\u00bb \u00fctles J\u00fcrgenson. \u00abMe polnud ainsad, seega j\u00e4tkasime pingutamist. Laup\u00e4eval olin \u00fches kurvis veidi liiga optimistlik ja libisesime v\u00e4lja, mis kahjuks kahjustas autot liiga palju, et saaksime j\u00e4tkata,\u00bb lisas eestlane.<\/p>\n","protected":false},"excerpt":{"rendered":"\u00abOotasin seda rallit v\u00e4ga, sest arvasin, et need teed sobivad mulle h\u00e4sti ja korralik tulemus peaks olema v\u00f5imalik.&hellip;\n","protected":false},"author":2,"featured_media":265134,"comment_status":"","ping_status":"","sticky":false,"template":"","format":"standard","meta":{"footnotes":"","_share_on_mastodon":"0"},"categories":[5],"tags":[26,27,37,33,35,14127,34,36,31,32,65868,21,102950,26997,28,29,349,22924,29337,19,102720,25,2828,5573,3015,23,24,22,20,30,5353],"class_list":["post-265133","post","type-post","status-publish","format-standard","has-post-thumbnail","category-uldised-uudised","tag-breaking-news","tag-breakingnews","tag-ee","tag-eesti","tag-eesti-keel","tag-eestlane","tag-estonia","tag-estonian","tag-featured-news","tag-featurednews","tag-ford-fiesta-rally2","tag-headlines","tag-katkestamine","tag-kiiruskatse","tag-latest-news","tag-latestnews","tag-liiklusonnetus","tag-meeskond","tag-mm-ralli","tag-news","tag-paraguay-mm-ralli","tag-populaarseimad-lood","tag-ralli","tag-ralliauto","tag-romet-jurgenson","tag-top-stories","tag-topstories","tag-uldised-uudised","tag-uudised","tag-viimased-uudised","tag-wrc2"],"share_on_mastodon":{"url":"https:\/\/pubeurope.com\/@ee\/117191321057693313","error":""},"_links":{"self":[{"href":"https:\/\/www.europesays.com\/ee\/wp-json\/wp\/v2\/posts\/265133","targetHints":{"allow":["GET"]}}],"collection":[{"href":"https:\/\/www.europesays.com\/ee\/wp-json\/wp\/v2\/posts"}],"about":[{"href":"https:\/\/www.europesays.com\/ee\/wp-json\/wp\/v2\/types\/post"}],"author":[{"embeddable":true,"href":"https:\/\/www.europesays.com\/ee\/wp-json\/wp\/v2\/users\/2"}],"replies":[{"embeddable":true,"href":"https:\/\/www.europesays.com\/ee\/wp-json\/wp\/v2\/comments?post=265133"}],"version-history":[{"count":0,"href":"https:\/\/www.europesays.com\/ee\/wp-json\/wp\/v2\/posts\/265133\/revisions"}],"wp:featuredmedia":[{"embeddable":true,"href":"https:\/\/www.europesays.com\/ee\/wp-json\/wp\/v2\/media\/265134"}],"wp:attachment":[{"href":"https:\/\/www.europesays.com\/ee\/wp-json\/wp\/v2\/media?parent=265133"}],"wp:term":[{"taxonomy":"category","embeddable":true,"href":"https:\/\/www.europesays.com\/ee\/wp-json\/wp\/v2\/categories?post=265133"},{"taxonomy":"post_tag","embeddable":true,"href":"https:\/\/www.europesays.com\/ee\/wp-json\/wp\/v2\/tags?post=265133"}],"curies":[{"name":"wp","href":"https:\/\/api.w.org\/{rel}","templated":true}]}}