{"id":265135,"date":"2026-08-31T17:33:10","date_gmt":"2026-08-31T17:33:10","guid":{"rendered":"https:\/\/www.europesays.com\/ee\/265135\/"},"modified":"2026-08-31T17:33:10","modified_gmt":"2026-08-31T17:33:10","slug":"kantrikuninganna-dolly-parton-sangitati-viimsesse-puhkepaika","status":"publish","type":"post","link":"https:\/\/www.europesays.com\/ee\/265135\/","title":{"rendered":"Kantrikuninganna Dolly Parton s\u00e4ngitati viimsesse puhkepaika"},"content":{"rendered":"<p>Maailmakuulus kantrikuninganna Dolly Parton s\u00e4ngitati reedel Nashville&#8217;i kalmistule Woodlawn Memorial Park and Mausoleum oma abikaasa, mullu 82 aasta vanuses surnud Carl Deani k\u00f5rvale. Ehkki Parton oli viimasel ajal terviseprobleemide t\u00f5ttu kontserte \u00e4ra j\u00e4tnud, tuli surmauudis 25. augustil siiski ootamatult. Tema esindajad tunnistasid hiljem, et Dolly oli p\u00f5denud v\u00e4hki.<\/p>\n<p>Partoni surmast teatas teisip\u00e4eva \u00f5htul tema \u00f5e Cassie poeg Bryan Seaver. \u00dcle 20 aasta oma t\u00e4di turvameeskonda juhtinud Seaver \u2013 varem tegutses samas rollis tema isa Larry \u2013 paljastas Partoni viimse soovi. \u201eDolly helistas mulle ja \u00fctles, et soovib puhata pehmes ja kaunis puuvillases voodis, sest p\u00e4rast aastaid raskete ehiskivikestega kaunistatud r\u00f5ivaste kandmist v\u00e4\u00e4rib ta l\u00f5puks mugavust ja puhkust.\u201c<\/p>\n<p>12lapselisest puruvaesest Tennessee perest p\u00e4rit Dollyl endal lapsi ei olnud, kuid tema ainsa elusoleva venna Bobby pojat\u00fctar Lainey Parton nimetab lauljannat oma liigutavas j\u00e4releh\u00fc\u00fcdes vanaemaks. \u201eSee, et vanaema enam ei ole, ei tundu ikka veel reaalne. J\u00e4\u00e4n igatsema tema h\u00e4\u00e4lt, tema naeru, tema kallistusi ja lihtsalt teadmist, et ta on olemas. Ta uskus minusse.\u201c Lainey s\u00f5nul v\u00f5ttis Dolly ta oma plaadile laulma, kuid toetas j\u00e4\u00e4gitult ka tema kavatsust astuda ilukooli, mitte \u00fclikooli. Parton rahastas Lainey juuksuri\u00f5pinguid ning aitas tal karj\u00e4\u00e4ri alustada. \u201eTa mitte \u00fcksnes ei innustanud mind unistusi p\u00fc\u00fcdma, vaid aitas mind kohale.\u201c<\/p>\n<p>Lainey postitusest ilmneb soojus, millega Dolly oma \u00f5dede-vendade j\u00e4reltulijaid ja nonde lapsi \u00fcmbritses. \u201eKuna Dolly ise lapsi ei saanud, tekitas ta meis alati tunde, et oleme tema omad,\u201c kirjutab Lainey. \u201eTa armastas meid nii s\u00fcgavalt ja j\u00e4\u00e4n selle eest igavesti t\u00e4nulikuks.\u201c<\/p>\n","protected":false},"excerpt":{"rendered":"Maailmakuulus kantrikuninganna Dolly Parton s\u00e4ngitati reedel Nashville&#8217;i kalmistule Woodlawn Memorial Park and Mausoleum oma abikaasa, mullu 82 aasta&hellip;\n","protected":false},"author":2,"featured_media":265136,"comment_status":"","ping_status":"","sticky":false,"template":"","format":"standard","meta":{"footnotes":"","_share_on_mastodon":"0"},"categories":[91],"tags":[240,37,33,35,173,34,36,241,140],"class_list":["post-265135","post","type-post","status-publish","format-standard","has-post-thumbnail","category-kuulsused","tag-celebrities","tag-ee","tag-eesti","tag-eesti-keel","tag-entertainment","tag-estonia","tag-estonian","tag-kuulsused","tag-meelelahutus"],"share_on_mastodon":{"url":"https:\/\/pubeurope.com\/@ee\/117191324649938335","error":""},"_links":{"self":[{"href":"https:\/\/www.europesays.com\/ee\/wp-json\/wp\/v2\/posts\/265135","targetHints":{"allow":["GET"]}}],"collection":[{"href":"https:\/\/www.europesays.com\/ee\/wp-json\/wp\/v2\/posts"}],"about":[{"href":"https:\/\/www.europesays.com\/ee\/wp-json\/wp\/v2\/types\/post"}],"author":[{"embeddable":true,"href":"https:\/\/www.europesays.com\/ee\/wp-json\/wp\/v2\/users\/2"}],"replies":[{"embeddable":true,"href":"https:\/\/www.europesays.com\/ee\/wp-json\/wp\/v2\/comments?post=265135"}],"version-history":[{"count":0,"href":"https:\/\/www.europesays.com\/ee\/wp-json\/wp\/v2\/posts\/265135\/revisions"}],"wp:featuredmedia":[{"embeddable":true,"href":"https:\/\/www.europesays.com\/ee\/wp-json\/wp\/v2\/media\/265136"}],"wp:attachment":[{"href":"https:\/\/www.europesays.com\/ee\/wp-json\/wp\/v2\/media?parent=265135"}],"wp:term":[{"taxonomy":"category","embeddable":true,"href":"https:\/\/www.europesays.com\/ee\/wp-json\/wp\/v2\/categories?post=265135"},{"taxonomy":"post_tag","embeddable":true,"href":"https:\/\/www.europesays.com\/ee\/wp-json\/wp\/v2\/tags?post=265135"}],"curies":[{"name":"wp","href":"https:\/\/api.w.org\/{rel}","templated":true}]}}