{"id":265139,"date":"2026-08-31T17:41:10","date_gmt":"2026-08-31T17:41:10","guid":{"rendered":"https:\/\/www.europesays.com\/ee\/265139\/"},"modified":"2026-08-31T17:41:10","modified_gmt":"2026-08-31T17:41:10","slug":"fotod-trump-veetis-nadalavahetuse-oma-veetleva-abilisega","status":"publish","type":"post","link":"https:\/\/www.europesays.com\/ee\/265139\/","title":{"rendered":"FOTOD | Trump veetis n\u00e4dalavahetuse oma veetleva abilisega"},"content":{"rendered":"<p>80-aastane president veetis m\u00f6\u00f6dunud n\u00e4dalavahetuse Virginia osariigis Sterlingis asuvas golfiklubis, kus ta korraldas laup\u00e4eva \u00f5htul \u00f5htus\u00f6\u00f6gi, mis oli <a rel=\"noopener nofollow\" target=\"_blank\" href=\"https:\/\/www.delfi.ee\/teema\/82812661\/valge-maja\" tag-id=\"82812661\">Valge Maja<\/a> reporteritele suletud. Trump ei lahkunud \u00f5htus\u00f6\u00f6gilt \u00fcksi, vaid kella 21 paiku saatsid teda just Natalie Harp ja Valge Maja personali\u00fclem <a rel=\"noopener nofollow\" target=\"_blank\" href=\"https:\/\/www.delfi.ee\/teema\/96867916\/susie-wiles\" tag-id=\"96867916\">Susie Wiles<\/a>. <\/p>\n<p>Ka p\u00fchap\u00e4eval avanenud vaatepilt kinnitas, et Trump ja tema abiline on muutunud v\u00e4ga l\u00e4hedasteks. Kell 10 hommikul golfiv\u00e4ljakule saabunud Trump lahkus koos autokolonniga kell 15.20. Harp istus koos presidendiga Trumpi maasturi tagaistmel. Presidendi 35-aastane abiline oli samuti riietunud golfi m\u00e4ngimiseks m\u00f5eldud sportlikku riietusse.<\/p>\n<p>Harpi suhted Trumpiga on p\u00e4lvinud viimastel kuudel t\u00e4helepanu, sest tundub, et antud tandem on aina l\u00e4hedasemaks muutumas. Samuti j\u00f5udsid avalikkuseni Harpi poolt kirjutatud kirjad, kus ta \u00fclistab <a rel=\"noopener nofollow\" target=\"_blank\" href=\"https:\/\/www.delfi.ee\/teema\/72209399\/usa-president\" tag-id=\"72209399\">USA presidenti<\/a>. N\u00e4iteks teatab ta, et ta ei v\u00e4\u00e4ri Trumpi ning ainuke asi, mis tema jaoks siin maailmas loeb on just praegune president.<\/p>\n<p>Harp on saanud Valges Majas h\u00fc\u00fcdnimeks \u201einimprinter\u201c. Ta muretseb, et presidendil oleksid alati olemas v\u00e4lja prinditud parempoolsed uudistesaidid ja erinevad Google\u2019i otsingutulemused.<\/p>\n<p><img decoding=\"async\" src=\"https:\/\/www.europesays.com\/ee\/wp-content\/uploads\/2026\/08\/7531381e-07cd-4fa4-8161-6e6bc389d409.jpg\" loading=\"lazy\" alt=\"USA president Donald Trump ja tema abiline Natalie Harp lahkumas Virginia osariigis Sterlingis asuvast golfiklubist.\"\/><img decoding=\"async\" src=\"https:\/\/www.europesays.com\/ee\/wp-content\/uploads\/2026\/08\/ccd03206-ce82-4b39-b017-b2cefe13d83e.jpg\" loading=\"lazy\" alt=\"USA president Donald Trump ja tema abiline Natalie Harp lahkumas Virginia osariigis Sterlingis asuvast golfiklubist.\"\/><img decoding=\"async\" src=\"https:\/\/www.europesays.com\/ee\/wp-content\/uploads\/2026\/08\/99fdbf72-1980-4470-853f-9ab1d28769bf.jpg\" loading=\"lazy\" alt=\"USA president Donald Trump ja tema abiline Natalie Harp lahkumas Virginia osariigis Sterlingis asuvast golfiklubist.\"\/>Kuidas see lugu Sind end tundma pani?Saada<a href=\"https:\/\/kroonika.delfi.ee\/artikkel\/120607368\/fotod-trump-veetis-nadalavahetuse-oma-veetleva-abilisega\/kommentaarid\" class=\"button button--primary button--size-auto article-body-bottom__comment article-body-bottom__comment--write\" style=\"\" rel=\"nofollow noopener\" target=\"_blank\">Kommenteeri<\/a><a href=\"https:\/\/kroonika.delfi.ee\/artikkel\/120607368\/fotod-trump-veetis-nadalavahetuse-oma-veetleva-abilisega\/kommentaarid\" class=\"button button--size-auto article-body-bottom__comment article-body-bottom__comment--read\" style=\"\" rel=\"nofollow noopener\" target=\"_blank\">Loe kommentaare (59)<\/a><\/p>\n","protected":false},"excerpt":{"rendered":"80-aastane president veetis m\u00f6\u00f6dunud n\u00e4dalavahetuse Virginia osariigis Sterlingis asuvas golfiklubis, kus ta korraldas laup\u00e4eva \u00f5htul \u00f5htus\u00f6\u00f6gi, mis oli&hellip;\n","protected":false},"author":2,"featured_media":265140,"comment_status":"","ping_status":"","sticky":false,"template":"","format":"standard","meta":{"footnotes":"","_share_on_mastodon":"0"},"categories":[80],"tags":[26,27,324,37,33,35,34,36,31,32,21,28,29,95,80155,19,25,33911,23,24,22,462,20,1900,30,92,93,94],"class_list":["post-265139","post","type-post","status-publish","format-standard","has-post-thumbnail","category-maailm","tag-breaking-news","tag-breakingnews","tag-donald-trump","tag-ee","tag-eesti","tag-eesti-keel","tag-estonia","tag-estonian","tag-featured-news","tag-featurednews","tag-headlines","tag-latest-news","tag-latestnews","tag-maailm","tag-natalie-harp","tag-news","tag-populaarseimad-lood","tag-susie-wiles","tag-top-stories","tag-topstories","tag-uldised-uudised","tag-usa-president","tag-uudised","tag-valge-maja","tag-viimased-uudised","tag-world","tag-world-news","tag-worldnews"],"share_on_mastodon":{"url":"https:\/\/pubeurope.com\/@ee\/117191356632245909","error":""},"_links":{"self":[{"href":"https:\/\/www.europesays.com\/ee\/wp-json\/wp\/v2\/posts\/265139","targetHints":{"allow":["GET"]}}],"collection":[{"href":"https:\/\/www.europesays.com\/ee\/wp-json\/wp\/v2\/posts"}],"about":[{"href":"https:\/\/www.europesays.com\/ee\/wp-json\/wp\/v2\/types\/post"}],"author":[{"embeddable":true,"href":"https:\/\/www.europesays.com\/ee\/wp-json\/wp\/v2\/users\/2"}],"replies":[{"embeddable":true,"href":"https:\/\/www.europesays.com\/ee\/wp-json\/wp\/v2\/comments?post=265139"}],"version-history":[{"count":0,"href":"https:\/\/www.europesays.com\/ee\/wp-json\/wp\/v2\/posts\/265139\/revisions"}],"wp:featuredmedia":[{"embeddable":true,"href":"https:\/\/www.europesays.com\/ee\/wp-json\/wp\/v2\/media\/265140"}],"wp:attachment":[{"href":"https:\/\/www.europesays.com\/ee\/wp-json\/wp\/v2\/media?parent=265139"}],"wp:term":[{"taxonomy":"category","embeddable":true,"href":"https:\/\/www.europesays.com\/ee\/wp-json\/wp\/v2\/categories?post=265139"},{"taxonomy":"post_tag","embeddable":true,"href":"https:\/\/www.europesays.com\/ee\/wp-json\/wp\/v2\/tags?post=265139"}],"curies":[{"name":"wp","href":"https:\/\/api.w.org\/{rel}","templated":true}]}}