{"id":265145,"date":"2026-08-31T17:50:21","date_gmt":"2026-08-31T17:50:21","guid":{"rendered":"https:\/\/www.europesays.com\/ee\/265145\/"},"modified":"2026-08-31T17:50:21","modified_gmt":"2026-08-31T17:50:21","slug":"saaremaa-kaesurujad-voitsid-eesti-meistrivoistlustelt-17-medalit","status":"publish","type":"post","link":"https:\/\/www.europesays.com\/ee\/265145\/","title":{"rendered":"Saaremaa k\u00e4esurujad v\u00f5itsid Eesti meistriv\u00f5istlustelt 17 medalit"},"content":{"rendered":"<p>Eesti meistriteks tulid Johanna Liset Oder U21 neidude arvestuses nii vasaku kui ka parema k\u00e4ega, Marko Siinvert Masters meeste kuni 95 kg klassis parema k\u00e4ega ning Raiko L\u00f5hmus meeste \u00fcle 105 kg klassis parema k\u00e4ega. Raiko saavutas lisaks meeste OPEN-klassis teise koha.<\/p>\n<p>Saaremaa Armwrestling Clubi tulemused:<\/p>\n<ul>\n<li data-list-item-id=\"ed0c5ac659c69a4afab3f8bcc01f0ea5c\">Melissa Tasa \u2013 U18 kuni 63 kg: vasak 3. koht, parem 3. koht.<\/li>\n<li data-list-item-id=\"ef0176e80786d9c7619823ef502a755d7\">Johanna Liset Oder \u2013 U21 kuni 70 kg: vasak 1. koht, parem 1. koht; naised kuni 70 kg: vasak 3. koht, parem 4. koht.<\/li>\n<li data-list-item-id=\"e290d812b970694720535eb92c02d4ba4\">Gairi L\u00f5hmus \u2013 naised +70 kg: vasak 3. koht, parem 3. koht.<\/li>\n<li data-list-item-id=\"e1d7e65d7e64117d63e9f9217e0505b0a\">Rasmus Kuusksalu \u2013 U18 kuni 78 kg: vasak 2. koht, parem 5. koht.<\/li>\n<li data-list-item-id=\"e3b52525b47bef56f8e9160eedbb015fe\">Timo Juhkam \u2013 U18 kuni 78 kg: vasak 5. koht, parem 3. koht.<\/li>\n<li data-list-item-id=\"e2abb65eff96c0640cd53ffaa94ce63f0\">Markus Leppik \u2013 U18 +78 kg: vasak 2. koht, parem 2. koht.<\/li>\n<li data-list-item-id=\"e69df6e96391818e936ea4f71db52dfc6\">Marko Siinvert \u2013 Masters kuni 95 kg: vasak 3. koht, parem 1. koht; mehed kuni 86 kg: parem 3. koht.<\/li>\n<li data-list-item-id=\"eaba218024ff1538dc3e7ca7bd1e472b7\">Priit Kuusksalu \u2013 Masters +95 kg: vasak 4. koht, parem 4. koht.<\/li>\n<li data-list-item-id=\"e3405f2260cb862e158ea9973e3dde099\">Henry Aun \u2013 mehed kuni 105 kg: vasak 4. koht, parem 5. koht.<\/li>\n<li data-list-item-id=\"e0b866305c8762f4fe7b65d023983c5d7\">Kaarel Humal \u2013 mehed +105 kg: vasak 3. koht, parem 5. koht.<\/li>\n<li data-list-item-id=\"ea7cced92cb444ff5ff49a0ec299816be\">Raido Rumm \u2013 mehed +105 kg: vasak 4. koht, parem 6. koht.<\/li>\n<li data-list-item-id=\"e33004abd1f26abef6f4b417143ed511d\">Raiko L\u00f5hmus \u2013 mehed +105 kg: parem 1. koht; meeste OPEN parem k\u00e4si: 2. koht.<\/li>\n<\/ul>\n<p>Saaremaa klubi oli Eesti meistriv\u00f5istlustel esindatud 12 sportlasega ning h\u00e4id tulemusi saavutati nii noorte, naiste, meeste kui ka masters-klassis.<\/p>\n","protected":false},"excerpt":{"rendered":"Eesti meistriteks tulid Johanna Liset Oder U21 neidude arvestuses nii vasaku kui ka parema k\u00e4ega, Marko Siinvert Masters&hellip;\n","protected":false},"author":2,"featured_media":265146,"comment_status":"","ping_status":"","sticky":false,"template":"","format":"standard","meta":{"footnotes":"","_share_on_mastodon":"0"},"categories":[18],"tags":[37,33,35,102955,8766,34,36,102952,17915,102953,102957,17918,102956,1421,102954,948,102951,159,158],"class_list":["post-265145","post","type-post","status-publish","format-standard","has-post-thumbnail","category-sport","tag-ee","tag-eesti","tag-eesti-keel","tag-eesti-meistrid","tag-eesti-meistrivoistlused","tag-estonia","tag-estonian","tag-johanna-liset-oder","tag-kaesurumine","tag-marko-siinvert","tag-masters-klassi-sportlased","tag-medalid","tag-noorte-voistlused","tag-parnu","tag-raiko-lohmus","tag-saaremaa","tag-saaremaa-armwrestling-club","tag-sport","tag-sports"],"share_on_mastodon":{"url":"https:\/\/pubeurope.com\/@ee\/117191391476952667","error":""},"_links":{"self":[{"href":"https:\/\/www.europesays.com\/ee\/wp-json\/wp\/v2\/posts\/265145","targetHints":{"allow":["GET"]}}],"collection":[{"href":"https:\/\/www.europesays.com\/ee\/wp-json\/wp\/v2\/posts"}],"about":[{"href":"https:\/\/www.europesays.com\/ee\/wp-json\/wp\/v2\/types\/post"}],"author":[{"embeddable":true,"href":"https:\/\/www.europesays.com\/ee\/wp-json\/wp\/v2\/users\/2"}],"replies":[{"embeddable":true,"href":"https:\/\/www.europesays.com\/ee\/wp-json\/wp\/v2\/comments?post=265145"}],"version-history":[{"count":0,"href":"https:\/\/www.europesays.com\/ee\/wp-json\/wp\/v2\/posts\/265145\/revisions"}],"wp:featuredmedia":[{"embeddable":true,"href":"https:\/\/www.europesays.com\/ee\/wp-json\/wp\/v2\/media\/265146"}],"wp:attachment":[{"href":"https:\/\/www.europesays.com\/ee\/wp-json\/wp\/v2\/media?parent=265145"}],"wp:term":[{"taxonomy":"category","embeddable":true,"href":"https:\/\/www.europesays.com\/ee\/wp-json\/wp\/v2\/categories?post=265145"},{"taxonomy":"post_tag","embeddable":true,"href":"https:\/\/www.europesays.com\/ee\/wp-json\/wp\/v2\/tags?post=265145"}],"curies":[{"name":"wp","href":"https:\/\/api.w.org\/{rel}","templated":true}]}}