{"id":265153,"date":"2026-08-31T18:03:14","date_gmt":"2026-08-31T18:03:14","guid":{"rendered":"https:\/\/www.europesays.com\/ee\/265153\/"},"modified":"2026-08-31T18:03:14","modified_gmt":"2026-08-31T18:03:14","slug":"taaramae-kukkus-turgi-velotuuril-gruppi-jooksnud-koera-tottu","status":"publish","type":"post","link":"https:\/\/www.europesays.com\/ee\/265153\/","title":{"rendered":"Taaram\u00e4e kukkus T\u00fcrgi velotuuril gruppi jooksnud koera t\u00f5ttu"},"content":{"rendered":"<p>Samsuni velotuuri kolmandal etapil v\u00f5idutses t\u00fcrklane Ramazan Yilmaz (Konya B\u00fcy\u00fcksehir Belediye Spor; 3:00.29). Suurel kiirusel kukkumise \u00fcle elanud Taaram\u00e4e fini\u0161eeris 83. positsioonil (+5.03).<\/p>\n<p>\u201eAjasin kogemata koera alla, kes ootamatult gruppi jooksis. Vedasin sel hetkel ees ja vaatasin just veel kiirust, mis oli t\u00e4pselt 60 km\/h. Pidurdada ega reageerida ei j\u00f5udnud. Aga mul on k\u00f5ik h\u00e4sti,\u201c \u00fctles Taaram\u00e4e Eesti Jalgratturite Liidu pressiteate vahendusel. <\/p>\n<p>Velotuuri 146,3-kilomeetrisel finaaletapil oli samuti grupifini\u0161, milles v\u00f5idutses taas Yilmaz. Tiimikaaslaste jaoks t\u00f6\u00f6d teinud Taaram\u00e4e sai 71. koha. <\/p>\n<p>\u00dcldarvestuses teenis eestlane 51. tulemuse. V\u00f5itis Yilmaz. Taaram\u00e4e tiimist oli parim 11. koha saanud jaapanlane Yuma Koishi.<\/p>\n<p>Kuidas see lugu Sind end tundma pani?Saada<a href=\"https:\/\/sport.delfi.ee\/artikkel\/120607412\/taaramae-kukkus-turgi-velotuuril-gruppi-jooksnud-koera-tottu\/kommentaarid\" class=\"button button--primary button--size-auto article-body-bottom__comment article-body-bottom__comment--write\" style=\"\" rel=\"nofollow noopener\" target=\"_blank\">Kommenteeri<\/a><a href=\"https:\/\/sport.delfi.ee\/artikkel\/120607412\/taaramae-kukkus-turgi-velotuuril-gruppi-jooksnud-koera-tottu\/kommentaarid\" class=\"button button--size-auto article-body-bottom__comment article-body-bottom__comment--read\" style=\"\" rel=\"nofollow noopener\" target=\"_blank\">Loe kommentaare <\/a><\/p>\n","protected":false},"excerpt":{"rendered":"Samsuni velotuuri kolmandal etapil v\u00f5idutses t\u00fcrklane Ramazan Yilmaz (Konya B\u00fcy\u00fcksehir Belediye Spor; 3:00.29). Suurel kiirusel kukkumise \u00fcle elanud&hellip;\n","protected":false},"author":2,"featured_media":265154,"comment_status":"","ping_status":"","sticky":false,"template":"","format":"standard","meta":{"footnotes":"","_share_on_mastodon":"0"},"categories":[18],"tags":[37,33,35,34,36,520,1626,159,158],"class_list":["post-265153","post","type-post","status-publish","format-standard","has-post-thumbnail","category-sport","tag-ee","tag-eesti","tag-eesti-keel","tag-estonia","tag-estonian","tag-jalgrattasport","tag-rein-taaramae","tag-sport","tag-sports"],"share_on_mastodon":{"url":"https:\/\/pubeurope.com\/@ee\/117191442823928744","error":""},"_links":{"self":[{"href":"https:\/\/www.europesays.com\/ee\/wp-json\/wp\/v2\/posts\/265153","targetHints":{"allow":["GET"]}}],"collection":[{"href":"https:\/\/www.europesays.com\/ee\/wp-json\/wp\/v2\/posts"}],"about":[{"href":"https:\/\/www.europesays.com\/ee\/wp-json\/wp\/v2\/types\/post"}],"author":[{"embeddable":true,"href":"https:\/\/www.europesays.com\/ee\/wp-json\/wp\/v2\/users\/2"}],"replies":[{"embeddable":true,"href":"https:\/\/www.europesays.com\/ee\/wp-json\/wp\/v2\/comments?post=265153"}],"version-history":[{"count":0,"href":"https:\/\/www.europesays.com\/ee\/wp-json\/wp\/v2\/posts\/265153\/revisions"}],"wp:featuredmedia":[{"embeddable":true,"href":"https:\/\/www.europesays.com\/ee\/wp-json\/wp\/v2\/media\/265154"}],"wp:attachment":[{"href":"https:\/\/www.europesays.com\/ee\/wp-json\/wp\/v2\/media?parent=265153"}],"wp:term":[{"taxonomy":"category","embeddable":true,"href":"https:\/\/www.europesays.com\/ee\/wp-json\/wp\/v2\/categories?post=265153"},{"taxonomy":"post_tag","embeddable":true,"href":"https:\/\/www.europesays.com\/ee\/wp-json\/wp\/v2\/tags?post=265153"}],"curies":[{"name":"wp","href":"https:\/\/api.w.org\/{rel}","templated":true}]}}