{"id":265155,"date":"2026-08-31T18:04:29","date_gmt":"2026-08-31T18:04:29","guid":{"rendered":"https:\/\/www.europesays.com\/ee\/265155\/"},"modified":"2026-08-31T18:04:29","modified_gmt":"2026-08-31T18:04:29","slug":"riik-pakub-ettevotetele-kuberturbe-taseme-tostmise-toetust-tehke-oma-norgad-kohad-kindlaks","status":"publish","type":"post","link":"https:\/\/www.europesays.com\/ee\/265155\/","title":{"rendered":"Riik pakub ettev\u00f5tetele k\u00fcberturbe taseme t\u00f5stmise toetust. \u201cTehke oma n\u00f5rgad kohad kindlaks\u201d"},"content":{"rendered":"<p>Riik hakkas t\u00e4nasest pakkuma ettev\u00f5tetele k\u00fcberturbe taseme t\u00f5stmise toetust, mida jagatakse kahes taotlusvoorus.<\/p>\n<p><a href=\"#paywall\">Tellijana<\/a> saad artiklit lugedes teada:<\/p>\n<ul>\n<li>millistele ettev\u00f5tetele ja organisatsioonidele uus k\u00fcberturbe toetus t\u00e4pselt m\u00f5eldud on;<\/li>\n<li>kuidas jaguneb toetus kahe taotlusvooru vahel ja kui suur rahastus on v\u00f5imalik saada;<\/li>\n<li>mida soovitab Liisa-Ly Pakosta ettev\u00f5tetel teha, et v\u00e4ltida k\u00fcberr\u00fcnnakute valusaid tagaj\u00e4rgi.<\/li>\n<\/ul>\n","protected":false},"excerpt":{"rendered":"Riik hakkas t\u00e4nasest pakkuma ettev\u00f5tetele k\u00fcberturbe taseme t\u00f5stmise toetust, mida jagatakse kahes taotlusvoorus. Tellijana saad artiklit lugedes teada:&hellip;\n","protected":false},"author":2,"featured_media":265156,"comment_status":"","ping_status":"","sticky":false,"template":"","format":"standard","meta":{"footnotes":"","_share_on_mastodon":"0"},"categories":[14],"tags":[131,130,37,33,35,34,36],"class_list":["post-265155","post","type-post","status-publish","format-standard","has-post-thumbnail","category-ari","tag-ari","tag-business","tag-ee","tag-eesti","tag-eesti-keel","tag-estonia","tag-estonian"],"share_on_mastodon":{"url":"https:\/\/pubeurope.com\/@ee\/117191446619752906","error":""},"_links":{"self":[{"href":"https:\/\/www.europesays.com\/ee\/wp-json\/wp\/v2\/posts\/265155","targetHints":{"allow":["GET"]}}],"collection":[{"href":"https:\/\/www.europesays.com\/ee\/wp-json\/wp\/v2\/posts"}],"about":[{"href":"https:\/\/www.europesays.com\/ee\/wp-json\/wp\/v2\/types\/post"}],"author":[{"embeddable":true,"href":"https:\/\/www.europesays.com\/ee\/wp-json\/wp\/v2\/users\/2"}],"replies":[{"embeddable":true,"href":"https:\/\/www.europesays.com\/ee\/wp-json\/wp\/v2\/comments?post=265155"}],"version-history":[{"count":0,"href":"https:\/\/www.europesays.com\/ee\/wp-json\/wp\/v2\/posts\/265155\/revisions"}],"wp:featuredmedia":[{"embeddable":true,"href":"https:\/\/www.europesays.com\/ee\/wp-json\/wp\/v2\/media\/265156"}],"wp:attachment":[{"href":"https:\/\/www.europesays.com\/ee\/wp-json\/wp\/v2\/media?parent=265155"}],"wp:term":[{"taxonomy":"category","embeddable":true,"href":"https:\/\/www.europesays.com\/ee\/wp-json\/wp\/v2\/categories?post=265155"},{"taxonomy":"post_tag","embeddable":true,"href":"https:\/\/www.europesays.com\/ee\/wp-json\/wp\/v2\/tags?post=265155"}],"curies":[{"name":"wp","href":"https:\/\/api.w.org\/{rel}","templated":true}]}}