{"id":265159,"date":"2026-08-31T18:09:14","date_gmt":"2026-08-31T18:09:14","guid":{"rendered":"https:\/\/www.europesays.com\/ee\/265159\/"},"modified":"2026-08-31T18:09:14","modified_gmt":"2026-08-31T18:09:14","slug":"parc-ferme-%e2%9f%a9-fia-presidendiga-raksu-lainud-ogier-ajab-oiget-asja","status":"publish","type":"post","link":"https:\/\/www.europesays.com\/ee\/265159\/","title":{"rendered":"PARC FERM\u00c9 \u27e9 FIA presidendiga raksu l\u00e4inud Ogier ajab \u00f5iget asja"},"content":{"rendered":"<p>Postimehe rallisaade \u00abParc Ferm\u00e9\u00bb vaatas tagasi MM-rallile Paraguays, mis kujunes v\u00f5idukaks Sami Pajarile. S\u00e9bastien Ogier ja Hankooki t\u00fcli j\u00f5udis uuele tasemele, sellesse kisti ka FIA president Mohammed Ben Sulayem. Vastasseisust kasvas konstruktiivne arutelu, millest v\u00f5iks v\u00e4lja kasvada uusi ideid, kuidas WRC-sarja paremaks muuta. Saatejuhid on Karl Mihkel Eller ja Kauri Pannas.<\/p>\n","protected":false},"excerpt":{"rendered":"Postimehe rallisaade \u00abParc Ferm\u00e9\u00bb vaatas tagasi MM-rallile Paraguays, mis kujunes v\u00f5idukaks Sami Pajarile. S\u00e9bastien Ogier ja Hankooki t\u00fcli&hellip;\n","protected":false},"author":2,"featured_media":265160,"comment_status":"","ping_status":"","sticky":false,"template":"","format":"standard","meta":{"footnotes":"","_share_on_mastodon":"0"},"categories":[5],"tags":[26,27,37,33,35,3307,34,36,31,32,21856,21,28,29,29337,31806,19,96671,3112,25,3016,3015,6863,3000,23,24,22,20,30,1192,5353],"class_list":["post-265159","post","type-post","status-publish","format-standard","has-post-thumbnail","category-uldised-uudised","tag-breaking-news","tag-breakingnews","tag-ee","tag-eesti","tag-eesti-keel","tag-elfyn-evans","tag-estonia","tag-estonian","tag-featured-news","tag-featurednews","tag-hayden-paddon","tag-headlines","tag-latest-news","tag-latestnews","tag-mm-ralli","tag-mohammed-ben-sulayem","tag-news","tag-paraguay-ralli","tag-parc-ferme","tag-populaarseimad-lood","tag-robert-virves","tag-romet-jurgenson","tag-sami-pajari","tag-sebastien-ogier","tag-top-stories","tag-topstories","tag-uldised-uudised","tag-uudised","tag-viimased-uudised","tag-wrc","tag-wrc2"],"share_on_mastodon":{"url":"https:\/\/pubeurope.com\/@ee\/117191466441919397","error":""},"_links":{"self":[{"href":"https:\/\/www.europesays.com\/ee\/wp-json\/wp\/v2\/posts\/265159","targetHints":{"allow":["GET"]}}],"collection":[{"href":"https:\/\/www.europesays.com\/ee\/wp-json\/wp\/v2\/posts"}],"about":[{"href":"https:\/\/www.europesays.com\/ee\/wp-json\/wp\/v2\/types\/post"}],"author":[{"embeddable":true,"href":"https:\/\/www.europesays.com\/ee\/wp-json\/wp\/v2\/users\/2"}],"replies":[{"embeddable":true,"href":"https:\/\/www.europesays.com\/ee\/wp-json\/wp\/v2\/comments?post=265159"}],"version-history":[{"count":0,"href":"https:\/\/www.europesays.com\/ee\/wp-json\/wp\/v2\/posts\/265159\/revisions"}],"wp:featuredmedia":[{"embeddable":true,"href":"https:\/\/www.europesays.com\/ee\/wp-json\/wp\/v2\/media\/265160"}],"wp:attachment":[{"href":"https:\/\/www.europesays.com\/ee\/wp-json\/wp\/v2\/media?parent=265159"}],"wp:term":[{"taxonomy":"category","embeddable":true,"href":"https:\/\/www.europesays.com\/ee\/wp-json\/wp\/v2\/categories?post=265159"},{"taxonomy":"post_tag","embeddable":true,"href":"https:\/\/www.europesays.com\/ee\/wp-json\/wp\/v2\/tags?post=265159"}],"curies":[{"name":"wp","href":"https:\/\/api.w.org\/{rel}","templated":true}]}}