{"id":265163,"date":"2026-08-31T18:18:14","date_gmt":"2026-08-31T18:18:14","guid":{"rendered":"https:\/\/www.europesays.com\/ee\/265163\/"},"modified":"2026-08-31T18:18:14","modified_gmt":"2026-08-31T18:18:14","slug":"sveitsi-politsei-pidas-kinni-reivil-toimunud-tulistamise-kahtlusaluse-2","status":"publish","type":"post","link":"https:\/\/www.europesays.com\/ee\/265163\/","title":{"rendered":"\u0160veitsi politsei pidas kinni reivil toimunud tulistamise kahtlusaluse"},"content":{"rendered":"<p>Praegu arvab politsei, et mees tegutses \u00fcksi, vahendab \u0160veitsi saksakeelne ringh\u00e4\u00e4ling SRF.<\/p>\n<p>Aargau kantoni politsei teatas, et mees peeti kinni kohaliku aja j\u00e4rgi \u00f6\u00f6l vastu t\u00e4nast kella 1 ajal. Uut informatsiooni lubas politsei alles kolmap\u00e4eval.<\/p>\n<p>Politsei j\u00e4tkab juurdlust ning uurib muu hulgas mobiiltelefonivideoid ja muid kaamerasalvestusi.<\/p>\n<p>\u00d6\u00f6l vastu p\u00fchap\u00e4eva toimus Aarau linnas reivipeol tulistamine, mille k\u00e4igus hukkus 22-aastane <a rel=\"noopener nofollow\" target=\"_blank\" href=\"https:\/\/www.delfi.ee\/teema\/23101235\/itaalia\" tag-id=\"23101235\">Itaalia<\/a> naine. \u00dcks <a rel=\"noopener nofollow\" target=\"_blank\" href=\"https:\/\/www.delfi.ee\/teema\/23342327\/saksamaa\" tag-id=\"23342327\">Saksamaa<\/a> kodanik ja neli \u0160veitsi meest vanuses 24-31 aastat viidi erineva raskusastmega vigastustega haiglasse. Politsei teatel ei ole neist kellegi elu siiski ohus.<\/p>\n<p>Kuidas see lugu Sind end tundma pani?Saada<a href=\"https:\/\/www.delfi.ee\/artikkel\/120607323\/sveitsi-politsei-pidas-kinni-reivil-toimunud-tulistamise-kahtlusaluse\/kommentaarid\" class=\"button button--primary button--size-auto article-body-bottom__comment article-body-bottom__comment--write\" style=\"\" rel=\"nofollow noopener\" target=\"_blank\">Kommenteeri<\/a><a href=\"https:\/\/www.delfi.ee\/artikkel\/120607323\/sveitsi-politsei-pidas-kinni-reivil-toimunud-tulistamise-kahtlusaluse\/kommentaarid\" class=\"button button--size-auto article-body-bottom__comment article-body-bottom__comment--read\" style=\"\" rel=\"nofollow noopener\" target=\"_blank\">Loe kommentaare (2)<\/a><\/p>\n","protected":false},"excerpt":{"rendered":"Praegu arvab politsei, et mees tegutses \u00fcksi, vahendab \u0160veitsi saksakeelne ringh\u00e4\u00e4ling SRF. Aargau kantoni politsei teatas, et mees&hellip;\n","protected":false},"author":2,"featured_media":265164,"comment_status":"","ping_status":"","sticky":false,"template":"","format":"standard","meta":{"footnotes":"","_share_on_mastodon":"0"},"categories":[80],"tags":[26,27,37,33,35,34,36,31,32,21,109,28,29,95,19,25,51,4588,23,24,22,20,30,92,93,94],"class_list":["post-265163","post","type-post","status-publish","format-standard","has-post-thumbnail","category-maailm","tag-breaking-news","tag-breakingnews","tag-ee","tag-eesti","tag-eesti-keel","tag-estonia","tag-estonian","tag-featured-news","tag-featurednews","tag-headlines","tag-itaalia","tag-latest-news","tag-latestnews","tag-maailm","tag-news","tag-populaarseimad-lood","tag-saksamaa","tag-sveits","tag-top-stories","tag-topstories","tag-uldised-uudised","tag-uudised","tag-viimased-uudised","tag-world","tag-world-news","tag-worldnews"],"share_on_mastodon":{"url":"https:\/\/pubeurope.com\/@ee\/117191501825523622","error":""},"_links":{"self":[{"href":"https:\/\/www.europesays.com\/ee\/wp-json\/wp\/v2\/posts\/265163","targetHints":{"allow":["GET"]}}],"collection":[{"href":"https:\/\/www.europesays.com\/ee\/wp-json\/wp\/v2\/posts"}],"about":[{"href":"https:\/\/www.europesays.com\/ee\/wp-json\/wp\/v2\/types\/post"}],"author":[{"embeddable":true,"href":"https:\/\/www.europesays.com\/ee\/wp-json\/wp\/v2\/users\/2"}],"replies":[{"embeddable":true,"href":"https:\/\/www.europesays.com\/ee\/wp-json\/wp\/v2\/comments?post=265163"}],"version-history":[{"count":0,"href":"https:\/\/www.europesays.com\/ee\/wp-json\/wp\/v2\/posts\/265163\/revisions"}],"wp:featuredmedia":[{"embeddable":true,"href":"https:\/\/www.europesays.com\/ee\/wp-json\/wp\/v2\/media\/265164"}],"wp:attachment":[{"href":"https:\/\/www.europesays.com\/ee\/wp-json\/wp\/v2\/media?parent=265163"}],"wp:term":[{"taxonomy":"category","embeddable":true,"href":"https:\/\/www.europesays.com\/ee\/wp-json\/wp\/v2\/categories?post=265163"},{"taxonomy":"post_tag","embeddable":true,"href":"https:\/\/www.europesays.com\/ee\/wp-json\/wp\/v2\/tags?post=265163"}],"curies":[{"name":"wp","href":"https:\/\/api.w.org\/{rel}","templated":true}]}}