{"id":265167,"date":"2026-08-31T18:27:12","date_gmt":"2026-08-31T18:27:12","guid":{"rendered":"https:\/\/www.europesays.com\/ee\/265167\/"},"modified":"2026-08-31T18:27:12","modified_gmt":"2026-08-31T18:27:12","slug":"riik-plaanib-piirsallu-rajada-lohkeainetehase-eesti","status":"publish","type":"post","link":"https:\/\/www.europesays.com\/ee\/265167\/","title":{"rendered":"Riik plaanib Piirsallu rajada l\u00f5hkeainetehase | Eesti"},"content":{"rendered":"<p>Riik plaanib L\u00e4\u00e4nemaale Piirsallu rajada l\u00f5hkeainetehase. Keskkonnam\u00f5ju strateegiline hindamine on tehtud ja plaanide kohaselt j\u00f5uab eriplaneeringu kehtestamine oktoobris valitsusse. L\u00e4\u00e4ne-Nigula vallavalitsus h\u00e4\u00e4letas selle poolt, kuid paljud Piirsalu inimesed tunnevad, et otsustamine k\u00e4ib \u00fcle nende peade.<\/p>\n<p>Piirsalus L\u00e4\u00e4nemaal on kaitsev\u00e4e taktikaala ja kaitseliidu lasketiir. Kunagi asus siin n\u00f5ukogude raketibaas. Riik plaanib siia ehitada l\u00f5hkeainetehase, mis toodaks aastas kuni 1200 tonni heksogeeni ja lubab 75 v\u00f5i rohkem t\u00f6\u00f6kohta.<\/p>\n<p>&#8220;Kahaneva rahvastikuga piirkondades t\u00f6\u00f6kohtade laekumisel on mingisugune m\u00f5ju. Kuna seal on ette n\u00e4ha piisav hulk tasuvamaid t\u00f6\u00f6kohtasid, siis see on \u00fcsna oluline argument,&#8221; lausus L\u00e4\u00e4ne-Nigula vallavanem Janno Randmaa.<\/p>\n<p>Plaanitava tehase alast paari kilomeetri kaugusel Piirsalus elav volikogu esimees ei n\u00e4e l\u00f5hkeainetehases ohtu.<\/p>\n<p>&#8220;Tegemist on korraliku Euroopa tingimustele vastava keemiatehasega. Vene ajal olid seal vene s\u00f5jav\u00e4elased &#8211; nemad oma raketiv\u00e4gedega kindlasti reostasid rohkem,&#8221; \u00fctles L\u00e4\u00e4ne-Nigula volikogu esimees Sven K\u00f6ster.<\/p>\n<p>Piirsalu on k\u00fcla suurest maanteest eemal, kus pole poodi ega kooli. Kuid j\u00f5es elavad l\u00f5hed, mist\u00f5ttu on tegu loodushoiuala. Paljud kohalikud on mures, kuidas l\u00f5hkeainetehas m\u00f5jutab looduskeskkonda ja elukvaliteeti.<\/p>\n<p>&#8220;Siin asub Piirsalu j\u00f5gi. Siin on see taktikaala praeguse nimetusega. Siia rajatakse nende seisukohal keemiat\u00f6\u00f6stus,&#8221; s\u00f5nas Piirsalu k\u00fclavanem Lea Lai.\u00a0<\/p>\n<p>Mis saab, kui puurkaevud t\u00fchjaks saavad? K\u00fclavanem meenutas L\u00e4\u00e4nemaa Salaj\u00f5e k\u00fcla juhtumit, kuhu turbatootja p\u00e4rast pikki vaidlusi ehitas joogivees\u00fcsteemi.<\/p>\n<p>&#8220;Arvatakse, et k\u00fcll siis arendaja v\u00f5i vald kaevab meile uue kaevu. Me teame, et Salaj\u00f5e k\u00fcla ei saanud enne k\u00fcmmet aastat kaevu endale. Nad pidid t\u00f5endama, t\u00f5endama, t\u00f5endama,&#8221; \u00fctles Lai.<\/p>\n<p>&#8220;Me oleme selle keskkonnauuringu raames teinud ka p\u00f5hjaveeuuringu. See n\u00e4itab, et kohalikele kaevudele m\u00f5ju ei tohiks tegelikult olla. Tehas hakkaks v\u00f5tma oma vett s\u00fcgavamatest p\u00f5hjaveekihtidest kui kohalikud kaevud,&#8221; lausus kaitseministeeriumi kaitset\u00f6\u00f6stuse arendamise erin\u00f5unik Indrek Sirp.<\/p>\n<p>Osavallakogu liige \u00fctles, et kohalikud koostavad arengukavasid, aga kui areng kohale j\u00f5uab, toimub see \u00fcle kohalike peade.<\/p>\n<p>&#8220;KOV t\u00f6\u00f6tab oma arengukava alusel. Paraku arengukava meetmed \u00fckski ellu ei j\u00f5ua. J\u00f5uavad ellu need, mis arendajate survel siia kohale tuuakse. Olgu see tuulepark, suured p\u00e4ikesepargid, kaitset\u00f6\u00f6stuspark,&#8221; \u00fctles Risti osavallakogu liige Rein Kruusmaa.<\/p>\n<p>Sirp lausus, et Euroopa vajab l\u00f5hkeainet laskemoona tootmiseks. Lisaks looks tehas tingimused laskemoona tootmiseks Eestis.<\/p>\n","protected":false},"excerpt":{"rendered":"Riik plaanib L\u00e4\u00e4nemaale Piirsallu rajada l\u00f5hkeainetehase. Keskkonnam\u00f5ju strateegiline hindamine on tehtud ja plaanide kohaselt j\u00f5uab eriplaneeringu kehtestamine oktoobris&hellip;\n","protected":false},"author":2,"featured_media":265168,"comment_status":"","ping_status":"","sticky":false,"template":"","format":"standard","meta":{"footnotes":"","_share_on_mastodon":"0"},"categories":[18],"tags":[37,33,35,34,36,29003,12957,102962,10371,102961,79205,159,158,80843],"class_list":["post-265167","post","type-post","status-publish","format-standard","has-post-thumbnail","category-sport","tag-ee","tag-eesti","tag-eesti-keel","tag-estonia","tag-estonian","tag-indrek-sirp","tag-laanemaa","tag-lea-lai","tag-lohkeainetehas","tag-piirsalu","tag-rein-kruusmaa","tag-sport","tag-sports","tag-sven-koster"],"share_on_mastodon":{"url":"https:\/\/pubeurope.com\/@ee\/117191537230310407","error":""},"_links":{"self":[{"href":"https:\/\/www.europesays.com\/ee\/wp-json\/wp\/v2\/posts\/265167","targetHints":{"allow":["GET"]}}],"collection":[{"href":"https:\/\/www.europesays.com\/ee\/wp-json\/wp\/v2\/posts"}],"about":[{"href":"https:\/\/www.europesays.com\/ee\/wp-json\/wp\/v2\/types\/post"}],"author":[{"embeddable":true,"href":"https:\/\/www.europesays.com\/ee\/wp-json\/wp\/v2\/users\/2"}],"replies":[{"embeddable":true,"href":"https:\/\/www.europesays.com\/ee\/wp-json\/wp\/v2\/comments?post=265167"}],"version-history":[{"count":0,"href":"https:\/\/www.europesays.com\/ee\/wp-json\/wp\/v2\/posts\/265167\/revisions"}],"wp:featuredmedia":[{"embeddable":true,"href":"https:\/\/www.europesays.com\/ee\/wp-json\/wp\/v2\/media\/265168"}],"wp:attachment":[{"href":"https:\/\/www.europesays.com\/ee\/wp-json\/wp\/v2\/media?parent=265167"}],"wp:term":[{"taxonomy":"category","embeddable":true,"href":"https:\/\/www.europesays.com\/ee\/wp-json\/wp\/v2\/categories?post=265167"},{"taxonomy":"post_tag","embeddable":true,"href":"https:\/\/www.europesays.com\/ee\/wp-json\/wp\/v2\/tags?post=265167"}],"curies":[{"name":"wp","href":"https:\/\/api.w.org\/{rel}","templated":true}]}}