{"id":265169,"date":"2026-08-31T18:28:12","date_gmt":"2026-08-31T18:28:12","guid":{"rendered":"https:\/\/www.europesays.com\/ee\/265169\/"},"modified":"2026-08-31T18:28:12","modified_gmt":"2026-08-31T18:28:12","slug":"putini-lahikonda-kuulunud-kuritegeliku-autoriteedi-morvasuudistused-tuhistati","status":"publish","type":"post","link":"https:\/\/www.europesays.com\/ee\/265169\/","title":{"rendered":"Putini l\u00e4hikonda kuulunud kuritegeliku autoriteedi m\u00f5rvas\u00fc\u00fcdistused t\u00fchistati"},"content":{"rendered":"<p>75-aastane Traber vabastati eeluurimivanglast augusti l\u00f5pus \u2013 esialgsetel andmetel tema tervise kiire halvenemise t\u00f5ttu. <\/p>\n<p>Fontanka andmetel on ta alates 29. augustist pidanud Moskva ja Peterburi v\u00f5imu- ning \u00e4rielu esindajatega mitmeid kohtumisi.<\/p>\n<p>Traber peeti kinni ja v\u00f5eti vahi alla t\u00e4navu juuni keskel. Uurijate andmetel oli ta tellinud 2020. aastal Viiburi rajoonis tapetud Viiburi linnavolikogu saadiku ja kuritegeliku autoriteedi <a rel=\"noopener nofollow\" target=\"_blank\" href=\"https:\/\/www.delfi.ee\/teema\/72916291\/aleksandr-petrov\" tag-id=\"72916291\">Aleksandr Petrovi<\/a> m\u00f5rva. <\/p>\n<p>Koos Traberiga vahistati tema \u00e4ripartner Vladimir Danilenko ning kuriteo t\u00e4ideviijateks peetavad endine poksija Alisultan Nadirbekov ja Said Saladinov. P\u00e4rast vahistamist alustas Traber oma osaluste loovutamist erinevates ettev\u00f5tetes.<\/p>\n<p>The Insideri teatel kuulus Traber omal ajal <a rel=\"noopener nofollow\" target=\"_blank\" href=\"https:\/\/www.delfi.ee\/teema\/23342331\/vladimir-putin\" tag-id=\"23342331\">Vladimir Putini<\/a> l\u00e4hikonda ning osales isegi tema s\u00fcnnip\u00e4evapidudel.<\/p>\n<p>Kuidas see lugu Sind end tundma pani?Saada<a href=\"https:\/\/www.delfi.ee\/artikkel\/120607406\/the-insider-putini-lahikonda-kuulunud-kuritegeliku-autoriteedi-morvasuudistused-tuhistati\/kommentaarid\" class=\"button button--primary button--size-auto article-body-bottom__comment article-body-bottom__comment--write\" style=\"\" rel=\"nofollow noopener\" target=\"_blank\">Kommenteeri<\/a><a href=\"https:\/\/www.delfi.ee\/artikkel\/120607406\/the-insider-putini-lahikonda-kuulunud-kuritegeliku-autoriteedi-morvasuudistused-tuhistati\/kommentaarid\" class=\"button button--size-auto article-body-bottom__comment article-body-bottom__comment--read\" style=\"\" rel=\"nofollow noopener\" target=\"_blank\">Loe kommentaare (28)<\/a><\/p>\n","protected":false},"excerpt":{"rendered":"75-aastane Traber vabastati eeluurimivanglast augusti l\u00f5pus \u2013 esialgsetel andmetel tema tervise kiire halvenemise t\u00f5ttu. Fontanka andmetel on ta&hellip;\n","protected":false},"author":2,"featured_media":265170,"comment_status":"","ping_status":"","sticky":false,"template":"","format":"standard","meta":{"footnotes":"","_share_on_mastodon":"0"},"categories":[14],"tags":[102963,131,130,37,33,35,34,36,14091,939,661],"class_list":["post-265169","post","type-post","status-publish","format-standard","has-post-thumbnail","category-ari","tag-aleksandr-petrov","tag-ari","tag-business","tag-ee","tag-eesti","tag-eesti-keel","tag-estonia","tag-estonian","tag-kriminaalasi","tag-peterburi","tag-vladimir-putin"],"share_on_mastodon":{"url":"https:\/\/pubeurope.com\/@ee\/117191541074984329","error":""},"_links":{"self":[{"href":"https:\/\/www.europesays.com\/ee\/wp-json\/wp\/v2\/posts\/265169","targetHints":{"allow":["GET"]}}],"collection":[{"href":"https:\/\/www.europesays.com\/ee\/wp-json\/wp\/v2\/posts"}],"about":[{"href":"https:\/\/www.europesays.com\/ee\/wp-json\/wp\/v2\/types\/post"}],"author":[{"embeddable":true,"href":"https:\/\/www.europesays.com\/ee\/wp-json\/wp\/v2\/users\/2"}],"replies":[{"embeddable":true,"href":"https:\/\/www.europesays.com\/ee\/wp-json\/wp\/v2\/comments?post=265169"}],"version-history":[{"count":0,"href":"https:\/\/www.europesays.com\/ee\/wp-json\/wp\/v2\/posts\/265169\/revisions"}],"wp:featuredmedia":[{"embeddable":true,"href":"https:\/\/www.europesays.com\/ee\/wp-json\/wp\/v2\/media\/265170"}],"wp:attachment":[{"href":"https:\/\/www.europesays.com\/ee\/wp-json\/wp\/v2\/media?parent=265169"}],"wp:term":[{"taxonomy":"category","embeddable":true,"href":"https:\/\/www.europesays.com\/ee\/wp-json\/wp\/v2\/categories?post=265169"},{"taxonomy":"post_tag","embeddable":true,"href":"https:\/\/www.europesays.com\/ee\/wp-json\/wp\/v2\/tags?post=265169"}],"curies":[{"name":"wp","href":"https:\/\/api.w.org\/{rel}","templated":true}]}}