{"id":265171,"date":"2026-08-31T18:29:19","date_gmt":"2026-08-31T18:29:19","guid":{"rendered":"https:\/\/www.europesays.com\/ee\/265171\/"},"modified":"2026-08-31T18:29:19","modified_gmt":"2026-08-31T18:29:19","slug":"ukraina-allikad-elon-musk-ei-poolda-siiski-starlinki-kasutamist-venemaa-vastasteks-runnakuteks-2","status":"publish","type":"post","link":"https:\/\/www.europesays.com\/ee\/265171\/","title":{"rendered":"Ukraina allikad: Elon Musk ei poolda siiski Starlinki kasutamist Venemaa-vastasteks r\u00fcnnakuteks"},"content":{"rendered":"<p>Kuigi Financial Times teatas varem, et Musk v\u00f5iks teoreetiliselt olla avatud Starlinkiga varustatud <a rel=\"noopener nofollow\" target=\"_blank\" href=\"https:\/\/www.delfi.ee\/teema\/96857000\/droonid-1\" tag-id=\"96857000\">droonide<\/a> kasutamisele Venemaa sihtm\u00e4rkide r\u00fcndamiseks, eeldusel, et Valge Maja annab poliitilise rohelise tule, l\u00fckkavad Kyiv Independenti allikad selle \u00fcmber. <\/p>\n<p>\u00dche allika s\u00f5nul on Musk veendunud, et Ukrainale Venemaa-siseste operatsioonide lubamine ei aitaks s\u00f5da l\u00f5petada, vaid eskaleeriks seda: \u201eMusk tahab selles s\u00f5jas kokkulepet, mitte eskalatsiooni.\u201c<\/p>\n<p>Kiiev on pikka aega taotlenud USA heakskiitu tehnoloogia kasutamiseks Venemaa vastu, et sihtida muu hulgas ballistiliste rakettide kanderakette. President <a rel=\"noopener nofollow\" target=\"_blank\" href=\"https:\/\/www.delfi.ee\/teema\/85745477\/volodomor-zelenskoi\" tag-id=\"85745477\">Volod\u00f5m\u00f5r Zelensk\u00f5i<\/a> t\u00f5statas k\u00fcsimuse 28. juulil kinnisel kohtumisel USA presidendi <a rel=\"noopener nofollow\" target=\"_blank\" href=\"https:\/\/www.delfi.ee\/teema\/32758637\/donald-trump\" tag-id=\"32758637\">Donald Trumpiga<\/a>. <\/p>\n<p>Segadus tekkis siis, kui kaitseministeerium v\u00e4itis ekslikult, et Musk on Starlinki kasutamise heaks kiitnud ja vaja on vaid Trumpi \u201e\u00f5nnistust.\u201c P\u00e4rast mitmeid l\u00e4bir\u00e4\u00e4kimisi selgus aga, et Musk polnud luba andnud, mis pani Zelensk\u00f5i Trumbi ees ebamugavasse seisu.<\/p>\n<p>Vaatamata tagasil\u00f6\u00f6gile j\u00e4tkab Ukraina meeskond koost\u00f6\u00f6s Trumpi administratsiooniga l\u00e4bir\u00e4\u00e4kimisi. Zelensk\u00f5i s\u00f5nul v\u00f5ib Musk oma meelt muuta, kui n\u00e4eb piisavalt tugevaid argumente. <\/p>\n<p>Varem pidas Muskiga raskeid k\u00f5nelusi ka endine minister M\u00f5hhailo Fedorov, kes r\u00f5hutas vajadust piirata Vene v\u00e4gede juurdep\u00e4\u00e4su Starlinkile, kuigi Muski varasem otsus Vene v\u00e4gede terminalid sulgeda oli Ukraina lahinguv\u00e4ljal p\u00f6\u00f6rdelise t\u00e4htsusega.<\/p>\n<p>Kyiv Independent kirjutab, et s\u00f5jaliselt on Starlink Ukraina droonide jaoks asendamatu, pakkudes t\u00e4nu segamiskindlale \u00fchendusele v\u00f5imalust edukalt h\u00e4irida Venemaa logistikat rindejoonest 50\u2013200 kilomeetri kaugusel. <\/p>\n<p>Starlinki-p\u00f5histe droonide kasutamine oleks eriti t\u00f5hus vastumeede Venemaa ballistilistele rakettidele (nt Iskanderid), mida Ukraina saab praeguse kriitilise Patriot-rakettide nappuse t\u00f5ttu vaevu t\u00f5rjuda. <\/p>\n<p>Kuidas see lugu Sind end tundma pani?Saada<a href=\"https:\/\/www.delfi.ee\/artikkel\/120607397\/ukraina-allikad-elon-musk-ei-poolda-siiski-starlinki-kasutamist-venemaa-vastasteks-runnakuteks\/kommentaarid\" class=\"button button--primary button--size-auto article-body-bottom__comment article-body-bottom__comment--write\" style=\"\" rel=\"nofollow noopener\" target=\"_blank\">Kommenteeri<\/a><a href=\"https:\/\/www.delfi.ee\/artikkel\/120607397\/ukraina-allikad-elon-musk-ei-poolda-siiski-starlinki-kasutamist-venemaa-vastasteks-runnakuteks\/kommentaarid\" class=\"button button--size-auto article-body-bottom__comment article-body-bottom__comment--read\" style=\"\" rel=\"nofollow noopener\" target=\"_blank\">Loe kommentaare (13)<\/a><\/p>\n","protected":false},"excerpt":{"rendered":"Kuigi Financial Times teatas varem, et Musk v\u00f5iks teoreetiliselt olla avatud Starlinkiga varustatud droonide kasutamisele Venemaa sihtm\u00e4rkide r\u00fcndamiseks,&hellip;\n","protected":false},"author":2,"featured_media":265172,"comment_status":"","ping_status":"","sticky":false,"template":"","format":"standard","meta":{"footnotes":"","_share_on_mastodon":"0"},"categories":[80],"tags":[26,27,324,1274,37,33,35,846,34,36,31,32,21,28,29,95,19,25,107,28922,11393,23,24,22,20,30,263,92,93,94],"class_list":["post-265171","post","type-post","status-publish","format-standard","has-post-thumbnail","category-maailm","tag-breaking-news","tag-breakingnews","tag-donald-trump","tag-droonid","tag-ee","tag-eesti","tag-eesti-keel","tag-elon-musk","tag-estonia","tag-estonian","tag-featured-news","tag-featurednews","tag-headlines","tag-latest-news","tag-latestnews","tag-maailm","tag-news","tag-populaarseimad-lood","tag-soda-ukrainas","tag-spacex","tag-starlink","tag-top-stories","tag-topstories","tag-uldised-uudised","tag-uudised","tag-viimased-uudised","tag-volodomor-zelenskoi","tag-world","tag-world-news","tag-worldnews"],"share_on_mastodon":{"url":"https:\/\/pubeurope.com\/@ee\/117191544819336680","error":""},"_links":{"self":[{"href":"https:\/\/www.europesays.com\/ee\/wp-json\/wp\/v2\/posts\/265171","targetHints":{"allow":["GET"]}}],"collection":[{"href":"https:\/\/www.europesays.com\/ee\/wp-json\/wp\/v2\/posts"}],"about":[{"href":"https:\/\/www.europesays.com\/ee\/wp-json\/wp\/v2\/types\/post"}],"author":[{"embeddable":true,"href":"https:\/\/www.europesays.com\/ee\/wp-json\/wp\/v2\/users\/2"}],"replies":[{"embeddable":true,"href":"https:\/\/www.europesays.com\/ee\/wp-json\/wp\/v2\/comments?post=265171"}],"version-history":[{"count":0,"href":"https:\/\/www.europesays.com\/ee\/wp-json\/wp\/v2\/posts\/265171\/revisions"}],"wp:featuredmedia":[{"embeddable":true,"href":"https:\/\/www.europesays.com\/ee\/wp-json\/wp\/v2\/media\/265172"}],"wp:attachment":[{"href":"https:\/\/www.europesays.com\/ee\/wp-json\/wp\/v2\/media?parent=265171"}],"wp:term":[{"taxonomy":"category","embeddable":true,"href":"https:\/\/www.europesays.com\/ee\/wp-json\/wp\/v2\/categories?post=265171"},{"taxonomy":"post_tag","embeddable":true,"href":"https:\/\/www.europesays.com\/ee\/wp-json\/wp\/v2\/tags?post=265171"}],"curies":[{"name":"wp","href":"https:\/\/api.w.org\/{rel}","templated":true}]}}