{"id":265203,"date":"2026-08-31T19:13:11","date_gmt":"2026-08-31T19:13:11","guid":{"rendered":"https:\/\/www.europesays.com\/ee\/265203\/"},"modified":"2026-08-31T19:13:11","modified_gmt":"2026-08-31T19:13:11","slug":"zelenskoi-parast-konelusi-trumpi-esindajatega-september-voib-tuua-poorde-2","status":"publish","type":"post","link":"https:\/\/www.europesays.com\/ee\/265203\/","title":{"rendered":"Zelensk\u00f5i p\u00e4rast k\u00f5nelusi Trumpi esindajatega: september v\u00f5ib tuua p\u00f6\u00f6rde"},"content":{"rendered":"<p>\u201eMe just r\u00e4\u00e4kisime USA presidendi saadikute Steve Witkoffi ja Jared Kushneriga. Nad valmistuvad kontaktideks Venemaa poolega ja visiidiks Ukrainasse,\u201c s\u00f5nas Zelensk\u00f5i, lisades, et arutelus keskenduti sellele, kuidas survestada Venemaad s\u00f5da l\u00f5petama.<\/p>\n<p>Samas t\u00f5des riigipea nii Ukraina kui ka partnerite luureandmetele tuginedes, et Venemaa juht soovib endiselt isiklikult s\u00f5ja j\u00e4tkamist, ehkki Venemaa \u00fchiskonna absoluutne enamus n\u00f5ustuks konflikti l\u00f5petamisega praegusel kokkupuutejoonel. <\/p>\n<p>\u201eN\u00e4eme, mida USA presidendi esindajad suudavad saavutada. September v\u00f5ib palju muuta ning meie peame koos partneritega tegema k\u00f5ik inimeste elude ja rahu kaitsmiseks,\u201c m\u00e4rkis ta.<\/p>\n<p>S\u00f5jalisest olukorrast r\u00e4\u00e4kides m\u00e4rkis Zelensk\u00f5i, et kuulas \u00e4ra \u00fclemjuhataja ja SBU ettekande Ukraina vastul\u00f6\u00f6kidest Venemaa pommitamisele. \u201eMe valmistame ette uusi samme,\u201c m\u00e4rkis ta, toonitades \u00fchtlasi vajadust muuta partneritega s\u00f5lmitud kokkulepped reaalses elus toimivateks tegudeks.<\/p>\n<p>Kuu tegevuskava on samuti tihe: peaministri ja diplomaatilise meeskonnaga vaadati p\u00f5hjalikult \u00fcle septembrikuu plaanid, mille elluviimiseks on tehtud ulatuslikud ettevalmistused.<\/p>\n<p>Kuidas see lugu Sind end tundma pani?Saada<a href=\"https:\/\/www.delfi.ee\/artikkel\/120607422\/zelenskoi-parast-konelusi-trumpi-esindajatega-september-voib-tuua-poorde\/kommentaarid\" class=\"button button--primary button--size-auto article-body-bottom__comment article-body-bottom__comment--write\" style=\"\" rel=\"nofollow noopener\" target=\"_blank\">Kommenteeri<\/a><a href=\"https:\/\/www.delfi.ee\/artikkel\/120607422\/zelenskoi-parast-konelusi-trumpi-esindajatega-september-voib-tuua-poorde\/kommentaarid\" class=\"button button--size-auto article-body-bottom__comment article-body-bottom__comment--read\" style=\"\" rel=\"nofollow noopener\" target=\"_blank\">Loe kommentaare (22)<\/a><\/p>\n","protected":false},"excerpt":{"rendered":"\u201eMe just r\u00e4\u00e4kisime USA presidendi saadikute Steve Witkoffi ja Jared Kushneriga. Nad valmistuvad kontaktideks Venemaa poolega ja visiidiks&hellip;\n","protected":false},"author":2,"featured_media":265204,"comment_status":"","ping_status":"","sticky":false,"template":"","format":"standard","meta":{"footnotes":"","_share_on_mastodon":"0"},"categories":[80],"tags":[26,27,324,37,33,35,34,36,31,32,21,8831,28,29,95,19,25,107,8832,23,24,22,20,30,263,92,93,94],"class_list":["post-265203","post","type-post","status-publish","format-standard","has-post-thumbnail","category-maailm","tag-breaking-news","tag-breakingnews","tag-donald-trump","tag-ee","tag-eesti","tag-eesti-keel","tag-estonia","tag-estonian","tag-featured-news","tag-featurednews","tag-headlines","tag-jared-kushner","tag-latest-news","tag-latestnews","tag-maailm","tag-news","tag-populaarseimad-lood","tag-soda-ukrainas","tag-steve-witkoff","tag-top-stories","tag-topstories","tag-uldised-uudised","tag-uudised","tag-viimased-uudised","tag-volodomor-zelenskoi","tag-world","tag-world-news","tag-worldnews"],"share_on_mastodon":{"url":"https:\/\/pubeurope.com\/@ee\/117191717917482275","error":""},"_links":{"self":[{"href":"https:\/\/www.europesays.com\/ee\/wp-json\/wp\/v2\/posts\/265203","targetHints":{"allow":["GET"]}}],"collection":[{"href":"https:\/\/www.europesays.com\/ee\/wp-json\/wp\/v2\/posts"}],"about":[{"href":"https:\/\/www.europesays.com\/ee\/wp-json\/wp\/v2\/types\/post"}],"author":[{"embeddable":true,"href":"https:\/\/www.europesays.com\/ee\/wp-json\/wp\/v2\/users\/2"}],"replies":[{"embeddable":true,"href":"https:\/\/www.europesays.com\/ee\/wp-json\/wp\/v2\/comments?post=265203"}],"version-history":[{"count":0,"href":"https:\/\/www.europesays.com\/ee\/wp-json\/wp\/v2\/posts\/265203\/revisions"}],"wp:featuredmedia":[{"embeddable":true,"href":"https:\/\/www.europesays.com\/ee\/wp-json\/wp\/v2\/media\/265204"}],"wp:attachment":[{"href":"https:\/\/www.europesays.com\/ee\/wp-json\/wp\/v2\/media?parent=265203"}],"wp:term":[{"taxonomy":"category","embeddable":true,"href":"https:\/\/www.europesays.com\/ee\/wp-json\/wp\/v2\/categories?post=265203"},{"taxonomy":"post_tag","embeddable":true,"href":"https:\/\/www.europesays.com\/ee\/wp-json\/wp\/v2\/tags?post=265203"}],"curies":[{"name":"wp","href":"https:\/\/api.w.org\/{rel}","templated":true}]}}