{"id":265205,"date":"2026-08-31T19:14:14","date_gmt":"2026-08-31T19:14:14","guid":{"rendered":"https:\/\/www.europesays.com\/ee\/265205\/"},"modified":"2026-08-31T19:14:14","modified_gmt":"2026-08-31T19:14:14","slug":"jahedam-suvi-ja-looduslikud-vaenlased-vahendavad-uraskikahjustusi-eestis","status":"publish","type":"post","link":"https:\/\/www.europesays.com\/ee\/265205\/","title":{"rendered":"Jahedam suvi ja looduslikud vaenlased v\u00e4hendavad \u00fcraskikahjustusi Eestis"},"content":{"rendered":"<p class=\"text-muted-foreground text-[15px] leading-relaxed\">Euraasia kuuse-koore\u00fcraski populatsioon on Eesti metsades viimase kahe aasta jooksul m\u00e4rkimisv\u00e4\u00e4rselt v\u00e4henenud, mida kinnitavad Keskkonnaagentuuri ja Eesti Maa\u00fclikooli seireandmed, pakkudes leevendust metsandussektorile.<\/p>\n<ul class=\"space-y-3 text-[15px] leading-relaxed\">\n<li class=\"flex gap-3\">\u2014Euraasia kuuse-koore\u00fcraski populatsioon Eesti metsades on viimase kahe aasta jooksul v\u00e4henenud, mis on t\u00e4heldatud \u00fcleriigiliste seirete k\u00e4igus.<\/li>\n<li class=\"flex gap-3\">\u2014Jahedam ja niiskem suveilm viimastel aastatel koos \u00fcraski looduslike vaenlaste arvu suurenemisega on tuvastatud peamiste teguritena, mis aitavad kaasa populatsiooni v\u00e4henemisele.<\/li>\n<li class=\"flex gap-3\">\u2014Kuigi \u00fcraski populatsioon oli 2022. aastal k\u00f5rge, n\u00e4itavad 2023., 2024. ja esialgsed 2025. aasta seireandmed j\u00e4rjepidevat langustrendi.<\/li>\n<li class=\"flex gap-3\">\u2014Hooldatud metsad ja segametsad pakuvad \u00fcraski asustamiseks ja paljunemiseks v\u00e4hem soodsaid tingimusi v\u00f5rreldes hooldamata v\u00f5i n\u00f5rgestatud puistutega.<\/li>\n<li class=\"flex gap-3\">\u2014Eksperdid hoiatavad, et tulevased \u00fcraskipopulatsioonid j\u00e4\u00e4vad ettearvamatuks mitmete keskkonnategurite t\u00f5ttu, sealhulgas juurem\u00e4danik, p\u00f5ud ja tormikahjustused.<\/li>\n<\/ul>\n","protected":false},"excerpt":{"rendered":"Euraasia kuuse-koore\u00fcraski populatsioon on Eesti metsades viimase kahe aasta jooksul m\u00e4rkimisv\u00e4\u00e4rselt v\u00e4henenud, mida kinnitavad Keskkonnaagentuuri ja Eesti Maa\u00fclikooli&hellip;\n","protected":false},"author":2,"featured_media":265206,"comment_status":"","ping_status":"","sticky":false,"template":"","format":"standard","meta":{"footnotes":"","_share_on_mastodon":"0"},"categories":[12],"tags":[26,27,37,33,35,34,36,102973,31,32,21,28140,48979,304,28,29,102974,73263,53180,3086,19,25,52053,23,24,22,20,30],"class_list":["post-265205","post","type-post","status-publish","format-standard","has-post-thumbnail","category-eesti","tag-breaking-news","tag-breakingnews","tag-ee","tag-eesti","tag-eesti-keel","tag-estonia","tag-estonian","tag-euraasia-kuuse-kooreurask","tag-featured-news","tag-featurednews","tag-headlines","tag-ilmastik","tag-kahjuritorje","tag-keskkond","tag-latest-news","tag-latestnews","tag-looduslikud-vaenlased","tag-metsakaitse","tag-metsamajandus","tag-metsandus","tag-news","tag-populaarseimad-lood","tag-seire","tag-top-stories","tag-topstories","tag-uldised-uudised","tag-uudised","tag-viimased-uudised"],"share_on_mastodon":{"url":"https:\/\/pubeurope.com\/@ee\/117191721722983826","error":""},"_links":{"self":[{"href":"https:\/\/www.europesays.com\/ee\/wp-json\/wp\/v2\/posts\/265205","targetHints":{"allow":["GET"]}}],"collection":[{"href":"https:\/\/www.europesays.com\/ee\/wp-json\/wp\/v2\/posts"}],"about":[{"href":"https:\/\/www.europesays.com\/ee\/wp-json\/wp\/v2\/types\/post"}],"author":[{"embeddable":true,"href":"https:\/\/www.europesays.com\/ee\/wp-json\/wp\/v2\/users\/2"}],"replies":[{"embeddable":true,"href":"https:\/\/www.europesays.com\/ee\/wp-json\/wp\/v2\/comments?post=265205"}],"version-history":[{"count":0,"href":"https:\/\/www.europesays.com\/ee\/wp-json\/wp\/v2\/posts\/265205\/revisions"}],"wp:featuredmedia":[{"embeddable":true,"href":"https:\/\/www.europesays.com\/ee\/wp-json\/wp\/v2\/media\/265206"}],"wp:attachment":[{"href":"https:\/\/www.europesays.com\/ee\/wp-json\/wp\/v2\/media?parent=265205"}],"wp:term":[{"taxonomy":"category","embeddable":true,"href":"https:\/\/www.europesays.com\/ee\/wp-json\/wp\/v2\/categories?post=265205"},{"taxonomy":"post_tag","embeddable":true,"href":"https:\/\/www.europesays.com\/ee\/wp-json\/wp\/v2\/tags?post=265205"}],"curies":[{"name":"wp","href":"https:\/\/api.w.org\/{rel}","templated":true}]}}