{"id":265209,"date":"2026-08-31T19:22:10","date_gmt":"2026-08-31T19:22:10","guid":{"rendered":"https:\/\/www.europesays.com\/ee\/265209\/"},"modified":"2026-08-31T19:22:10","modified_gmt":"2026-08-31T19:22:10","slug":"curro-torres-alustas-ullatusvoiduga-eurosarja-pohiturniirile-joudnud-riia-fc-ule-soccernet-ee","status":"publish","type":"post","link":"https:\/\/www.europesays.com\/ee\/265209\/","title":{"rendered":"Curro Torres alustas \u00fcllatusv\u00f5iduga eurosarja p\u00f5hiturniirile j\u00f5udnud Riia FC \u00fcle &#8211; Soccernet.ee"},"content":{"rendered":"<p><img decoding=\"async\" src=\"https:\/\/www.europesays.com\/ee\/wp-content\/uploads\/2026\/08\/1788201877.jpg\" alt=\"Curro Torres. Foto: Jana Pipar\"\/>&#13;\n<\/p>\n<p>Eesti mehe Vladimir Vassiljevi asemele FK Liepaja uueks peatreeneriks palgatud endine Tallinna Levadia loots Curro Torres teenis oma deb\u00fc\u00fctm\u00e4ngus \u00fcllatusliku 3:2 v\u00f5idu Riia FC \u00fcle.<\/p>\n<p>Riia FC on L\u00e4ti k\u00f5rgliigas tiitlikaitsja ning alistas t\u00e4navu suvel kolm j\u00e4rjestikust eurovastast, tagades p\u00e4\u00e4su UEFA Konverentsiliiga p\u00f5hiturniirile. Enne k\u00fclask\u00e4iku Liepajasse oli pealinnaklubi p\u00fcsinud ilma kaotuseta k\u00f5ikide sarjade peale 13 kohtumist j\u00e4rjest ning k\u00f5rgliigas 7. m\u00e4rtsist saadik.&#13;\n<\/p>\n<p>Curro Torrese meeskond l\u00e4ks t\u00e4nu nigeerlase Oloko Ede kahele v\u00e4ravale ja \u00fchele resultatiivsele s\u00f6\u00f6dule kodus 3:1 juhtima. Riia FC v\u00e4hendas vahe minimaalseks alles viimasel lisaminutil. Kohtumise k\u00f5ik viis tabamust m\u00e4rgiti aafriklaste nimele, k\u00fclalistest skoorisid Mohamed Badamosi ja\u00a0Abdulrahman Taiwo.&#13;\n<\/p>\n<p>Neljandal tabelireal paiknev Liepaja segas t\u00e4nase v\u00f5iduga kaarte tiitliheitluses, kus RFS edestab n\u00fc\u00fcd Riia FC-d nelja punktiga. Liepaja ise j\u00e4\u00e4b liidrist 29 punkti kaugusele.<\/p>\n<p>FK Liepaja &#8211; Riia FC\u00a0 3:2 (2:1)<br \/>&#13;<br \/>\n4., 27. pen. Oloko Ede, 58.\u00a0Abiodun Ogunniyi &#8211; 17.\u00a0Mohamed Badamosi, 90+4.\u00a0Abdulrahman Taiwo&#13;\n<\/p>\n<p>&#13;\n<\/p>\n<p>&#13;<\/p>\n","protected":false},"excerpt":{"rendered":"&#13; Eesti mehe Vladimir Vassiljevi asemele FK Liepaja uueks peatreeneriks palgatud endine Tallinna Levadia loots Curro Torres teenis&hellip;\n","protected":false},"author":2,"featured_media":265210,"comment_status":"","ping_status":"","sticky":false,"template":"","format":"standard","meta":{"footnotes":"","_share_on_mastodon":"0"},"categories":[18],"tags":[13705,1587,102975,37,33,35,34,36,82339,74926,7947,102976,19257,159,158,19258],"class_list":["post-265209","post","type-post","status-publish","format-standard","has-post-thumbnail","category-sport","tag-curro","tag-curro-torres","tag-ede","tag-ee","tag-eesti","tag-eesti-keel","tag-estonia","tag-estonian","tag-fk-liepaja","tag-lati-korgliiga","tag-liepaja","tag-oloko-ede","tag-riia-fc","tag-sport","tag-sports","tag-virsliga"],"share_on_mastodon":{"url":"https:\/\/pubeurope.com\/@ee\/117191753820272980","error":""},"_links":{"self":[{"href":"https:\/\/www.europesays.com\/ee\/wp-json\/wp\/v2\/posts\/265209","targetHints":{"allow":["GET"]}}],"collection":[{"href":"https:\/\/www.europesays.com\/ee\/wp-json\/wp\/v2\/posts"}],"about":[{"href":"https:\/\/www.europesays.com\/ee\/wp-json\/wp\/v2\/types\/post"}],"author":[{"embeddable":true,"href":"https:\/\/www.europesays.com\/ee\/wp-json\/wp\/v2\/users\/2"}],"replies":[{"embeddable":true,"href":"https:\/\/www.europesays.com\/ee\/wp-json\/wp\/v2\/comments?post=265209"}],"version-history":[{"count":0,"href":"https:\/\/www.europesays.com\/ee\/wp-json\/wp\/v2\/posts\/265209\/revisions"}],"wp:featuredmedia":[{"embeddable":true,"href":"https:\/\/www.europesays.com\/ee\/wp-json\/wp\/v2\/media\/265210"}],"wp:attachment":[{"href":"https:\/\/www.europesays.com\/ee\/wp-json\/wp\/v2\/media?parent=265209"}],"wp:term":[{"taxonomy":"category","embeddable":true,"href":"https:\/\/www.europesays.com\/ee\/wp-json\/wp\/v2\/categories?post=265209"},{"taxonomy":"post_tag","embeddable":true,"href":"https:\/\/www.europesays.com\/ee\/wp-json\/wp\/v2\/tags?post=265209"}],"curies":[{"name":"wp","href":"https:\/\/api.w.org\/{rel}","templated":true}]}}