{"id":265211,"date":"2026-08-31T19:24:13","date_gmt":"2026-08-31T19:24:13","guid":{"rendered":"https:\/\/www.europesays.com\/ee\/265211\/"},"modified":"2026-08-31T19:24:13","modified_gmt":"2026-08-31T19:24:13","slug":"must-nadalavahetus-soomes-noort-meest-kahtlustatakse-kahes-morvas-ja-suutamises","status":"publish","type":"post","link":"https:\/\/www.europesays.com\/ee\/265211\/","title":{"rendered":"Must n\u00e4dalavahetus Soomes: noort meest kahtlustatakse kahes m\u00f5rvas ja s\u00fc\u00fctamises"},"content":{"rendered":"<p>Ilta-Sanomat kirjutab, et p\u00e4ev varem t\u00e4histas arvatav m\u00f5rtsukas oma s\u00fcnnip\u00e4eva. \u00dchtlasi oli ta sel puhul postitanud sotsiaalmeediasse foto endast lapsena. Kommentaariumisse laekusid \u00f5nnesoovid.<\/p>\n<p>Traagilised s\u00fcndmused hargnesid laup\u00e4eva varahommikul, kui kell 4.25 sai politsei teate kahe s\u00f5iduauto kokkup\u00f5rkest Vaasa l\u00e4histel maanteel. Politsei kahtlustab, et \u00e4sjane s\u00fcnnip\u00e4evaline kihutas oma s\u00f5idukiga tahtlikult vastutulevale autole ette.<\/p>\n<p><a href=\"https:\/\/www.delfi.ee\/artikkel\/120607414\/must-nadalavahetus-soomes-noort-meest-kahtlustatakse-kahes-morvas-ja-suutamises\/kommentaarid\" class=\"button button--primary button--size-auto article-body-bottom__comment article-body-bottom__comment--write\" style=\"\" rel=\"nofollow noopener\" target=\"_blank\">Kommenteeri<\/a><a href=\"https:\/\/www.delfi.ee\/artikkel\/120607414\/must-nadalavahetus-soomes-noort-meest-kahtlustatakse-kahes-morvas-ja-suutamises\/kommentaarid\" class=\"button button--size-auto article-body-bottom__comment article-body-bottom__comment--read\" style=\"\" rel=\"nofollow noopener\" target=\"_blank\">Loe kommentaare <\/a><\/p>\n","protected":false},"excerpt":{"rendered":"Ilta-Sanomat kirjutab, et p\u00e4ev varem t\u00e4histas arvatav m\u00f5rtsukas oma s\u00fcnnip\u00e4eva. \u00dchtlasi oli ta sel puhul postitanud sotsiaalmeediasse foto&hellip;\n","protected":false},"author":2,"featured_media":265212,"comment_status":"","ping_status":"","sticky":false,"template":"","format":"standard","meta":{"footnotes":"","_share_on_mastodon":"0"},"categories":[80],"tags":[26,27,37,33,35,34,36,31,32,21,102977,28,29,95,2052,19,25,8951,9577,23,24,22,20,37541,30,92,93,94],"class_list":["post-265211","post","type-post","status-publish","format-standard","has-post-thumbnail","category-maailm","tag-breaking-news","tag-breakingnews","tag-ee","tag-eesti","tag-eesti-keel","tag-estonia","tag-estonian","tag-featured-news","tag-featurednews","tag-headlines","tag-kortermaja-poleng","tag-latest-news","tag-latestnews","tag-maailm","tag-morv","tag-news","tag-populaarseimad-lood","tag-soome-politsei","tag-suutamine","tag-top-stories","tag-topstories","tag-uldised-uudised","tag-uudised","tag-vaasa","tag-viimased-uudised","tag-world","tag-world-news","tag-worldnews"],"share_on_mastodon":{"url":"https:\/\/pubeurope.com\/@ee\/117191761138809224","error":""},"_links":{"self":[{"href":"https:\/\/www.europesays.com\/ee\/wp-json\/wp\/v2\/posts\/265211","targetHints":{"allow":["GET"]}}],"collection":[{"href":"https:\/\/www.europesays.com\/ee\/wp-json\/wp\/v2\/posts"}],"about":[{"href":"https:\/\/www.europesays.com\/ee\/wp-json\/wp\/v2\/types\/post"}],"author":[{"embeddable":true,"href":"https:\/\/www.europesays.com\/ee\/wp-json\/wp\/v2\/users\/2"}],"replies":[{"embeddable":true,"href":"https:\/\/www.europesays.com\/ee\/wp-json\/wp\/v2\/comments?post=265211"}],"version-history":[{"count":0,"href":"https:\/\/www.europesays.com\/ee\/wp-json\/wp\/v2\/posts\/265211\/revisions"}],"wp:featuredmedia":[{"embeddable":true,"href":"https:\/\/www.europesays.com\/ee\/wp-json\/wp\/v2\/media\/265212"}],"wp:attachment":[{"href":"https:\/\/www.europesays.com\/ee\/wp-json\/wp\/v2\/media?parent=265211"}],"wp:term":[{"taxonomy":"category","embeddable":true,"href":"https:\/\/www.europesays.com\/ee\/wp-json\/wp\/v2\/categories?post=265211"},{"taxonomy":"post_tag","embeddable":true,"href":"https:\/\/www.europesays.com\/ee\/wp-json\/wp\/v2\/tags?post=265211"}],"curies":[{"name":"wp","href":"https:\/\/api.w.org\/{rel}","templated":true}]}}