{"id":265213,"date":"2026-08-31T19:25:10","date_gmt":"2026-08-31T19:25:10","guid":{"rendered":"https:\/\/www.europesays.com\/ee\/265213\/"},"modified":"2026-08-31T19:25:10","modified_gmt":"2026-08-31T19:25:10","slug":"tartu-ulikool-alustas-uut-oppeaastat-rekordilise-konkursiga","status":"publish","type":"post","link":"https:\/\/www.europesays.com\/ee\/265213\/","title":{"rendered":"Tartu \u00dclikool alustas uut \u00f5ppeaastat rekordilise konkursiga"},"content":{"rendered":"<p class=\"text-muted-foreground text-[15px] leading-relaxed\">Tartu \u00dclikool avas 31. augustil pidulikult 2026\/2027. \u00f5ppeaasta, tervitades 4488 uut tudengit, kusjuures magistri- ja doktori\u00f5ppesse oli konkurss kolm korda tihedam kui vabu kohti.<\/p>\n<ul class=\"space-y-3 text-[15px] leading-relaxed\">\n<li class=\"flex gap-3\">\u2014Tartu \u00dclikool avas ametlikult oma 2026\/2027. \u00f5ppeaasta 31. augustil toimunud tseremooniaga, kus osales \u00fcle tuhande tudengi ja \u00f5ppej\u00f5u.<\/li>\n<li class=\"flex gap-3\">\u2014\u00dclikool tervitas 4488 uut tudengit bakalaureuse-, magistri- ja doktori\u00f5ppekavadel, kusjuures sisseastumiskonkurss oli m\u00e4rkimisv\u00e4\u00e4rselt k\u00f5rgem kui eelmisel aastal, eriti just kraadi\u00f5ppes.<\/li>\n<li class=\"flex gap-3\">\u2014Tartu \u00dclikooli koosseisu kuuluv Viljandi Kultuuriakadeemia pidas samuti oma uue \u00f5ppeaasta tseremoonia, v\u00f5ttes vastu 200 uut tudengit.<\/li>\n<li class=\"flex gap-3\">\u2014Avatseremoonial esinesid muusikaliste etteastetega Puuluup ja Tartu \u00dclikooli Akadeemiline Naiskoor ning k\u00f5nesid pidasid \u00fclikooli juhtkond, haridus- ja teadusminister ning Tartu linnapea.<\/li>\n<li class=\"flex gap-3\">\u2014\u00dcritusel esitleti ka Solaride&#8217;i projekti p\u00e4ikeseautot, mis on arendatud tudengite, sealhulgas Tartu \u00dclikooli tudengite osalusel.<\/li>\n<\/ul>\n","protected":false},"excerpt":{"rendered":"Tartu \u00dclikool avas 31. augustil pidulikult 2026\/2027. \u00f5ppeaasta, tervitades 4488 uut tudengit, kusjuures magistri- ja doktori\u00f5ppesse oli konkurss&hellip;\n","protected":false},"author":2,"featured_media":265214,"comment_status":"","ping_status":"","sticky":false,"template":"","format":"standard","meta":{"footnotes":"","_share_on_mastodon":"0"},"categories":[12],"tags":[26,27,37,33,35,34,36,31,32,406,21,6667,2695,28,29,19,102101,25,249,23,24,4680,22,293,20,30],"class_list":["post-265213","post","type-post","status-publish","format-standard","has-post-thumbnail","category-eesti","tag-breaking-news","tag-breakingnews","tag-ee","tag-eesti","tag-eesti-keel","tag-estonia","tag-estonian","tag-featured-news","tag-featurednews","tag-haridus","tag-headlines","tag-innovatsioon","tag-konkurss","tag-latest-news","tag-latestnews","tag-news","tag-oppeaasta","tag-populaarseimad-lood","tag-tartu","tag-top-stories","tag-topstories","tag-tudengid","tag-uldised-uudised","tag-ulikool","tag-uudised","tag-viimased-uudised"],"share_on_mastodon":{"url":"https:\/\/pubeurope.com\/@ee\/117191765324387493","error":""},"_links":{"self":[{"href":"https:\/\/www.europesays.com\/ee\/wp-json\/wp\/v2\/posts\/265213","targetHints":{"allow":["GET"]}}],"collection":[{"href":"https:\/\/www.europesays.com\/ee\/wp-json\/wp\/v2\/posts"}],"about":[{"href":"https:\/\/www.europesays.com\/ee\/wp-json\/wp\/v2\/types\/post"}],"author":[{"embeddable":true,"href":"https:\/\/www.europesays.com\/ee\/wp-json\/wp\/v2\/users\/2"}],"replies":[{"embeddable":true,"href":"https:\/\/www.europesays.com\/ee\/wp-json\/wp\/v2\/comments?post=265213"}],"version-history":[{"count":0,"href":"https:\/\/www.europesays.com\/ee\/wp-json\/wp\/v2\/posts\/265213\/revisions"}],"wp:featuredmedia":[{"embeddable":true,"href":"https:\/\/www.europesays.com\/ee\/wp-json\/wp\/v2\/media\/265214"}],"wp:attachment":[{"href":"https:\/\/www.europesays.com\/ee\/wp-json\/wp\/v2\/media?parent=265213"}],"wp:term":[{"taxonomy":"category","embeddable":true,"href":"https:\/\/www.europesays.com\/ee\/wp-json\/wp\/v2\/categories?post=265213"},{"taxonomy":"post_tag","embeddable":true,"href":"https:\/\/www.europesays.com\/ee\/wp-json\/wp\/v2\/tags?post=265213"}],"curies":[{"name":"wp","href":"https:\/\/api.w.org\/{rel}","templated":true}]}}