{"id":265215,"date":"2026-08-31T19:31:08","date_gmt":"2026-08-31T19:31:08","guid":{"rendered":"https:\/\/www.europesays.com\/ee\/265215\/"},"modified":"2026-08-31T19:31:08","modified_gmt":"2026-08-31T19:31:08","slug":"kuidas-sai-forrest-gump-sojavakke-ehk-kes-olid-vietnamis-kurikuulsad-mcnamara-debiilikud","status":"publish","type":"post","link":"https:\/\/www.europesays.com\/ee\/265215\/","title":{"rendered":"Kuidas sai Forrest Gump s\u00f5jav\u00e4kke ehk kes olid Vietnamis kurikuulsad \u201eMcNamara debiilikud\u201c?"},"content":{"rendered":"<p>Paljud lugejatest on n\u00e4inud Tom Hanksiga peaosas filmi \u201eForrest Gump\u201c. See r\u00e4\u00e4gib lihtsameelsest kuid heas\u00fcdamlikust ameeriklasest, kelle elu p\u00f5imub juhuslikult paljude 20. sajandi USA ajalooliste s\u00fcndmustega, samal ajal kui ta p\u00fc\u00fcab j\u00e4\u00e4da truuks oma armastusele Jenny vastu. Ja otseloomulikult tuleb Forrestil s\u00f5dida Vietnamis, kust temast suur kangelane saab. Kuid Gump poleks pidanud Vietnami sattumagi. Tema IQ oli 75 ja selleks, et USA armeesse teenima saada oli toona tarvis, et see oleks olnud 80. Ja samas filmis on Gumpil kaaslane Bubba, kes v\u00f5itleb ka Vietnamis ning, kes ilmselgelt ei vea ka tarviliku 80-ni v\u00e4lja&#8230;<\/p>\n<p>Aga sellel k\u00f5igel on ajalooline tagap\u00f5hi ja selliseid s\u00f5dureid h\u00fc\u00fcti USA armees \u201eMcNamara debiilikuteks\u201c. 1967. aastal langetas USA kaitseminister Robert McNamara s\u00f5jav\u00e4kke v\u00e4rbamise n\u00f5udeid ja see sai koodnime Projekt 100 000. Nagu nimigi viitas, oli eesm\u00e4rk v\u00f5tta igal aastal teenistusse 100 000 meest, kes oma vaimsete, f\u00fc\u00fcsiliste v\u00f5i ps\u00fchholoogiliste n\u00e4itajate t\u00f5ttu poleks muidu USA s\u00f5jav\u00e4kke p\u00e4\u00e4senud. K\u00f5igi nende meeste IQ oli alla 91 ning peaaegu pooltel alla 71. Programmi k\u00e4ivitamisest 1966. aastal kuni selle l\u00f5petamiseni 1971. aastal v\u00f5imaldas see s\u00f5jav\u00e4kke v\u00f5tta 354 000 meest, kes varem poleks teenistusk\u00f5lblikuks tunnistatud. Neist 5478 hukkus Vietnamis ja 20 270 sai haavata.<\/p>\n<p><a href=\"https:\/\/forte.delfi.ee\/artikkel\/120607380\/kuidas-sai-forrest-gump-sojavakke-ehk-kes-olid-vietnamis-kurikuulsad-mcnamara-debiilikud\/kommentaarid\" class=\"button button--primary button--size-auto article-body-bottom__comment article-body-bottom__comment--write\" style=\"\" rel=\"nofollow noopener\" target=\"_blank\">Kommenteeri<\/a><a href=\"https:\/\/forte.delfi.ee\/artikkel\/120607380\/kuidas-sai-forrest-gump-sojavakke-ehk-kes-olid-vietnamis-kurikuulsad-mcnamara-debiilikud\/kommentaarid\" class=\"button button--size-auto article-body-bottom__comment article-body-bottom__comment--read\" style=\"\" rel=\"nofollow noopener\" target=\"_blank\">Loe kommentaare (8)<\/a><\/p>\n","protected":false},"excerpt":{"rendered":"Paljud lugejatest on n\u00e4inud Tom Hanksiga peaosas filmi \u201eForrest Gump\u201c. See r\u00e4\u00e4gib lihtsameelsest kuid heas\u00fcdamlikust ameeriklasest, kelle elu&hellip;\n","protected":false},"author":2,"featured_media":265216,"comment_status":"","ping_status":"","sticky":false,"template":"","format":"standard","meta":{"footnotes":"","_share_on_mastodon":"0"},"categories":[82],"tags":[37,33,35,173,34,36,208,209,140,207,93349],"class_list":["post-265215","post","type-post","status-publish","format-standard","has-post-thumbnail","category-filmid","tag-ee","tag-eesti","tag-eesti-keel","tag-entertainment","tag-estonia","tag-estonian","tag-film","tag-filmid","tag-meelelahutus","tag-movies","tag-vietnami-soda"],"share_on_mastodon":{"url":"https:\/\/pubeurope.com\/@ee\/117191788576412679","error":""},"_links":{"self":[{"href":"https:\/\/www.europesays.com\/ee\/wp-json\/wp\/v2\/posts\/265215","targetHints":{"allow":["GET"]}}],"collection":[{"href":"https:\/\/www.europesays.com\/ee\/wp-json\/wp\/v2\/posts"}],"about":[{"href":"https:\/\/www.europesays.com\/ee\/wp-json\/wp\/v2\/types\/post"}],"author":[{"embeddable":true,"href":"https:\/\/www.europesays.com\/ee\/wp-json\/wp\/v2\/users\/2"}],"replies":[{"embeddable":true,"href":"https:\/\/www.europesays.com\/ee\/wp-json\/wp\/v2\/comments?post=265215"}],"version-history":[{"count":0,"href":"https:\/\/www.europesays.com\/ee\/wp-json\/wp\/v2\/posts\/265215\/revisions"}],"wp:featuredmedia":[{"embeddable":true,"href":"https:\/\/www.europesays.com\/ee\/wp-json\/wp\/v2\/media\/265216"}],"wp:attachment":[{"href":"https:\/\/www.europesays.com\/ee\/wp-json\/wp\/v2\/media?parent=265215"}],"wp:term":[{"taxonomy":"category","embeddable":true,"href":"https:\/\/www.europesays.com\/ee\/wp-json\/wp\/v2\/categories?post=265215"},{"taxonomy":"post_tag","embeddable":true,"href":"https:\/\/www.europesays.com\/ee\/wp-json\/wp\/v2\/tags?post=265215"}],"curies":[{"name":"wp","href":"https:\/\/api.w.org\/{rel}","templated":true}]}}