{"id":265223,"date":"2026-08-31T19:37:49","date_gmt":"2026-08-31T19:37:49","guid":{"rendered":"https:\/\/www.europesays.com\/ee\/265223\/"},"modified":"2026-08-31T19:37:49","modified_gmt":"2026-08-31T19:37:49","slug":"paide-pooras-flora-vastu-lopus-kaotusseisu-voiduks-premium-liiga-2","status":"publish","type":"post","link":"https:\/\/www.europesays.com\/ee\/265223\/","title":{"rendered":"Paide p\u00f6\u00f6ras Flora vastu l\u00f5pus kaotusseisu v\u00f5iduks | Premium liiga"},"content":{"rendered":"<p>Paide Linnameeskond tuli viimastel minutitel kaotusseisust v\u00e4lja ja alistas Premium liiga 25. vooru kohtumises v\u00f5\u00f5rsil Tallinna FC Flora 2:1.<\/p>\n<p>P\u00e4rast v\u00e4raveta avapoolaega viis Sander Alamaa kodumeeskonna 47. minutil juhtima ja 1:0 p\u00fcsis tablool k\u00fcllalt kaua. 86. minutil aga k\u00fclaliste vahetusmees Dawda Darboe viigistas ja 90. minutil l\u00f5i teine vahetusmees Martin Miller endise koduklubi vastu v\u00f5idutabamuse.<\/p>\n<p>&#8220;V\u00e4ga palju v\u00f5imalusi eriti esimene poolaeg. Teine poolaeg ka muidugi. Ise tegime endal pingeliseks, aga eks meil on vaja k\u00f5vasti juurde panna,&#8221; kommenteeris Paide peatreener Tarmo Kink. &#8220;\u00dcle\u00fcldiselt tahaks ikkagi kiita Florat &#8211; noored poisid, tulevad sisse, 17-aastased, teevad meil elu nii raskeks, et siin on meile isegi rohkem m\u00f5tlemisainet kui Floral.&#8221;<\/p>\n<p>&#8220;M\u00e4nguplaan oli r\u00fcnnata seljatagust nii palju kui v\u00f5imalik. Teadsime, et m\u00f5lemad meeskonnad on suht v\u00e4sinud. Flora ka viimasel ajal ei ole \u00f5nnestunud. Lihtsalt tahtej\u00f5ud.&#8221;<\/p>\n<p>Flora peatreener Karl M\u00f6\u00f6l m\u00f6\u00f6nis, et tunne on vastik. &#8220;Oli nii l\u00e4hedal, aga samas j\u00e4i nii kaugeks. Kui ma vaatan m\u00e4ngumomente, siis Paide kindlasti v\u00e4\u00e4ris mingeid v\u00e4ravaid. Evert [v\u00e4ravavaht Evert Gr\u00fcnvald] tegi head t\u00f6\u00f6d, kaitsjad tegid head t\u00f6\u00f6d,&#8221; tunnustas ta.<\/p>\n<p>&#8220;Aga 1:0 peal oli ka meil v\u00f5imalusi: post ja [Taaniel] Ustal pall eest l\u00e4bi. Oleks v\u00f5inud ka teistpidi minna ja seet\u00f5ttu ongi kahju. M\u00e4ngijad n\u00e4itasid v\u00e4ga suurt sisu nii palliga kui ka pallita ja v\u00e4\u00e4risid siit m\u00e4ngust midagi.&#8221;<\/p>\n<p>See t\u00e4hendab, et tabelis t\u00f5usid Flora ja Paide v\u00f5rdselt 42 punkti peale, aga Floral on hetkel parem v\u00e4ravatevahe. Omavahelistes m\u00e4ngudes on Paide saanud aga kaks v\u00f5itu ja \u00fche kaotuse.<\/p>\n<p>P\u00e4eva esimeses m\u00e4ngus sai liidermeeskond Tallinna FCI Levadia v\u00f5\u00f5rsil jagu N\u00f5mme Kaljust 3:2 (50. Wendell, 58. Joao Pedro, 90+2. Enock Otoo &#8211; 38. Enrique Lotar Eyang, 45+2. Nikita Ivanov) ja viimases sai Tartu Tammeka v\u00f5\u00f5rsil jagu Narva Transist 2:0 (42. Giacomo Uggeri, 68. pen Patrick Veelma).<\/p>\n<p><img decoding=\"async\" style=\"width: 100%;\" src=\"https:\/\/www.europesays.com\/ee\/wp-content\/uploads\/2026\/08\/3787951h108ct28.jpg\"\/><\/p>\n<p>Tabeliseis: 1. Levadia 59 punkti (24 m\u00e4ngust), 2. Kalju 44 (25), 3. Flora 42 (24), 4. Paide 42 (24), 5. Tammeka 38 (23), 6. Harju 31 (25), 7. Vaprus 28 (24), 8. United 25 (25), 9. Kuressaare 25 (25), 10. Trans 17 (25).<\/p>\n<p>Enne m\u00e4ngu<\/p>\n<p>Tiitlikaitsjal Floral on k\u00e4sil keeruline periood, kui k\u00f5igi v\u00f5istlussarjade peale on viimasest viiest kohtumisest kaotatud neli, sealjuures viimase kahe n\u00e4dala jooksul Premium liigas nii Tammekale kui Kuressaarele.<\/p>\n<p>Tabelis on Flora 42 punktiga kolmandal kohal ning lubanud kolme viimase m\u00e4nguga seitse punkti kogunud Paide 39 punktiga endale kuklasse hingama. Tabeliliider Levadia on kogunud 56 punkti ja kohtub p\u00fchap\u00e4eval teise koha meeskonna N\u00f5mme Kaljuga. Edu korral v\u00f5ib Levadia vahe nende ees kasvatada juba 15 punktile, aga kui Kalju peaks kaotama ja Flora v\u00f5itma, t\u00f5useb tiitlikaitsja ise teiseks.<\/p>\n<p>Kui mai l\u00f5pus toimunud Tipneri karikafinaalis sai Flora koguni 5:1 v\u00f5idu, siis jaanip\u00e4evaeelses Premium liiga kohtumises v\u00f5ttis Paide rahvusstaadionil 2:1 v\u00f5iduga revan\u0161i. Hooaja esimese omavahelise m\u00e4ngu Paides v\u00f5itis Flora aprilli viimasel n\u00e4dalal 2:1.<\/p>\n<p>&#8220;Alati ei l\u00e4he asjad nii nagu soovime. Jaapani vanas\u00f5na \u00fctleb, et kuku seitse korda, aga t\u00f5use kaheksa. Eelmine m\u00e4ng oli keeruline, aga juba tuleb uus v\u00f5imalus. Tuleb m\u00f5\u00f5gad ristata Paidega ja loodame oma koduv\u00e4ljakul neid teravalt susata,&#8221; kommenteeris kohtumise eel Flora treener Aiko Orgla.<\/p>\n","protected":false},"excerpt":{"rendered":"Paide Linnameeskond tuli viimastel minutitel kaotusseisust v\u00e4lja ja alistas Premium liiga 25. vooru kohtumises v\u00f5\u00f5rsil Tallinna FC Flora&hellip;\n","protected":false},"author":2,"featured_media":265224,"comment_status":"","ping_status":"","sticky":false,"template":"","format":"standard","meta":{"footnotes":"","_share_on_mastodon":"0"},"categories":[5],"tags":[26,27,37,33,35,34,36,161,31,32,21,28,29,19,501,25,23,24,22,20,30],"class_list":["post-265223","post","type-post","status-publish","format-standard","has-post-thumbnail","category-uldised-uudised","tag-breaking-news","tag-breakingnews","tag-ee","tag-eesti","tag-eesti-keel","tag-estonia","tag-estonian","tag-fc-flora","tag-featured-news","tag-featurednews","tag-headlines","tag-latest-news","tag-latestnews","tag-news","tag-paide-linnameeskond","tag-populaarseimad-lood","tag-top-stories","tag-topstories","tag-uldised-uudised","tag-uudised","tag-viimased-uudised"],"share_on_mastodon":{"url":"https:\/\/pubeurope.com\/@ee\/117191812838707677","error":""},"_links":{"self":[{"href":"https:\/\/www.europesays.com\/ee\/wp-json\/wp\/v2\/posts\/265223","targetHints":{"allow":["GET"]}}],"collection":[{"href":"https:\/\/www.europesays.com\/ee\/wp-json\/wp\/v2\/posts"}],"about":[{"href":"https:\/\/www.europesays.com\/ee\/wp-json\/wp\/v2\/types\/post"}],"author":[{"embeddable":true,"href":"https:\/\/www.europesays.com\/ee\/wp-json\/wp\/v2\/users\/2"}],"replies":[{"embeddable":true,"href":"https:\/\/www.europesays.com\/ee\/wp-json\/wp\/v2\/comments?post=265223"}],"version-history":[{"count":0,"href":"https:\/\/www.europesays.com\/ee\/wp-json\/wp\/v2\/posts\/265223\/revisions"}],"wp:featuredmedia":[{"embeddable":true,"href":"https:\/\/www.europesays.com\/ee\/wp-json\/wp\/v2\/media\/265224"}],"wp:attachment":[{"href":"https:\/\/www.europesays.com\/ee\/wp-json\/wp\/v2\/media?parent=265223"}],"wp:term":[{"taxonomy":"category","embeddable":true,"href":"https:\/\/www.europesays.com\/ee\/wp-json\/wp\/v2\/categories?post=265223"},{"taxonomy":"post_tag","embeddable":true,"href":"https:\/\/www.europesays.com\/ee\/wp-json\/wp\/v2\/tags?post=265223"}],"curies":[{"name":"wp","href":"https:\/\/api.w.org\/{rel}","templated":true}]}}