{"id":265227,"date":"2026-08-31T19:48:11","date_gmt":"2026-08-31T19:48:11","guid":{"rendered":"https:\/\/www.europesays.com\/ee\/265227\/"},"modified":"2026-08-31T19:48:11","modified_gmt":"2026-08-31T19:48:11","slug":"eesti-moodustab-noukogu-noorte-digiheaolu-parandamiseks","status":"publish","type":"post","link":"https:\/\/www.europesays.com\/ee\/265227\/","title":{"rendered":"Eesti moodustab n\u00f5ukogu noorte digiheaolu parandamiseks"},"content":{"rendered":"<p class=\"text-muted-foreground text-[15px] leading-relaxed\">Peaminister Kristen Michali algatusel asutatud k\u00fcmneliikmeline ekspertkogu hakkab v\u00e4lja t\u00f6\u00f6tama teadusp\u00f5hiseid soovitusi sotsiaalmeedia ja m\u00e4ngukeskkondade negatiivse m\u00f5ju v\u00e4hendamiseks noorte vaimsele tervisele, v\u00e4ltides otseseid keelde.<\/p>\n<ul class=\"space-y-3 text-[15px] leading-relaxed\">\n<li class=\"flex gap-3\">\u2014Eesti on peaminister Kristen Michali \u00fclesandel kokku kutsunud n\u00f5uandva kogu, mille \u00fclesanne on v\u00e4lja t\u00f6\u00f6tada ettepanekud sotsiaalmeedia ja m\u00e4ngukeskkondade negatiivse m\u00f5ju v\u00e4hendamiseks noorte vaimsele tervisele ning turvalisema digitaalse ruumi edendamiseks.<\/li>\n<li class=\"flex gap-3\">\u2014K\u00fcmnest eksperdist, sealhulgas akadeemikutest ja ps\u00fchholoogidest, koosnev n\u00f5uandev kogu t\u00f6\u00f6tab j\u00e4rgmise aastani, et pakkuda teadusp\u00f5hiseid ja rakendatavaid soovitusi riigile, vanematele ja noortele.<\/li>\n<li class=\"flex gap-3\">\u2014Peaminister Michal r\u00f5hutas keskendumist praktilistele lahendustele ja ennetavatele meetmetele, mitte otsestele keelustamistele, et toetada noorte vaimset heaolu digitaalajastul.<\/li>\n<li class=\"flex gap-3\">\u2014Hiljutised Eesti uuringud n\u00e4itavad kasvavat muret noorte veebikogemuste p\u00e4rast, sealhulgas kokkupuudet h\u00e4iriva sisuga, probleemset internetikasutust ja seoseid k\u00fcberkiusamise ning vaimse tervise probleemide vahel.<\/li>\n<li class=\"flex gap-3\">\u2014Andmed n\u00e4itavad sotsiaalmeedia s\u00f5ltuvusega seotud s\u00fcmptomite sagenemist noorukite seas, kusjuures haavatava r\u00fchmana on tuvastatud t\u00fcdrukud, eriti 13-aastased.<\/li>\n<\/ul>\n","protected":false},"excerpt":{"rendered":"Peaminister Kristen Michali algatusel asutatud k\u00fcmneliikmeline ekspertkogu hakkab v\u00e4lja t\u00f6\u00f6tama teadusp\u00f5hiseid soovitusi sotsiaalmeedia ja m\u00e4ngukeskkondade negatiivse m\u00f5ju v\u00e4hendamiseks&hellip;\n","protected":false},"author":2,"featured_media":265228,"comment_status":"","ping_status":"","sticky":false,"template":"","format":"standard","meta":{"footnotes":"","_share_on_mastodon":"0"},"categories":[12],"tags":[45862,26,27,102332,37,33,35,34,36,31,32,406,21,646,28,29,40970,19,46414,13130,999,25,397,23,24,22,20,30],"class_list":["post-265227","post","type-post","status-publish","format-standard","has-post-thumbnail","category-eesti","tag-andra-siibak","tag-breaking-news","tag-breakingnews","tag-digiheaolu","tag-ee","tag-eesti","tag-eesti-keel","tag-estonia","tag-estonian","tag-featured-news","tag-featurednews","tag-haridus","tag-headlines","tag-kristen-michal","tag-latest-news","tag-latestnews","tag-mangimine","tag-news","tag-noorte-vaimne-tervis","tag-noukogu","tag-poliitika","tag-populaarseimad-lood","tag-sotsiaalmeedia","tag-top-stories","tag-topstories","tag-uldised-uudised","tag-uudised","tag-viimased-uudised"],"share_on_mastodon":{"url":"https:\/\/pubeurope.com\/@ee\/117191855562855426","error":""},"_links":{"self":[{"href":"https:\/\/www.europesays.com\/ee\/wp-json\/wp\/v2\/posts\/265227","targetHints":{"allow":["GET"]}}],"collection":[{"href":"https:\/\/www.europesays.com\/ee\/wp-json\/wp\/v2\/posts"}],"about":[{"href":"https:\/\/www.europesays.com\/ee\/wp-json\/wp\/v2\/types\/post"}],"author":[{"embeddable":true,"href":"https:\/\/www.europesays.com\/ee\/wp-json\/wp\/v2\/users\/2"}],"replies":[{"embeddable":true,"href":"https:\/\/www.europesays.com\/ee\/wp-json\/wp\/v2\/comments?post=265227"}],"version-history":[{"count":0,"href":"https:\/\/www.europesays.com\/ee\/wp-json\/wp\/v2\/posts\/265227\/revisions"}],"wp:featuredmedia":[{"embeddable":true,"href":"https:\/\/www.europesays.com\/ee\/wp-json\/wp\/v2\/media\/265228"}],"wp:attachment":[{"href":"https:\/\/www.europesays.com\/ee\/wp-json\/wp\/v2\/media?parent=265227"}],"wp:term":[{"taxonomy":"category","embeddable":true,"href":"https:\/\/www.europesays.com\/ee\/wp-json\/wp\/v2\/categories?post=265227"},{"taxonomy":"post_tag","embeddable":true,"href":"https:\/\/www.europesays.com\/ee\/wp-json\/wp\/v2\/tags?post=265227"}],"curies":[{"name":"wp","href":"https:\/\/api.w.org\/{rel}","templated":true}]}}