{"id":265231,"date":"2026-08-31T19:58:33","date_gmt":"2026-08-31T19:58:33","guid":{"rendered":"https:\/\/www.europesays.com\/ee\/265231\/"},"modified":"2026-08-31T19:58:33","modified_gmt":"2026-08-31T19:58:33","slug":"saksamaal-tungis-saask-lennukisse-ja-tappis-kaks-lennujaama-tootajat","status":"publish","type":"post","link":"https:\/\/www.europesays.com\/ee\/265231\/","title":{"rendered":"Saksamaal tungis s\u00e4\u00e4sk lennukisse ja tappis kaks lennujaama t\u00f6\u00f6tajat"},"content":{"rendered":"<p>Frankfurdi \u00fche Euroopa suurima lennujaama argip\u00e4ev purunes, kui mitu t\u00f6\u00f6tajat haigestus malaariasse \u2013 haigusesse, mida Saksamaal peaaegu ei esine. Uurijate esialgsed vihjed osutavad v\u00f5imalikele \u201epiletita reisijatele\u201c p\u00e4rit endeemilistest piirkondadest.<\/p>\n<p>Kuidas said troopilised s\u00e4\u00e4sed j\u00f5uda Saksa lennurajale ning miks l\u00f5ppes see kahe inimese surmaga? Ametnikud p\u00fc\u00fcavad lennujaamas s\u00e4\u00e4sel\u00f5ksude ja vereanal\u00fc\u00fcside abil kokku panna ahelat, mis ulatub kaugete sihtkohtadeni.<\/p>\n","protected":false},"excerpt":{"rendered":"Frankfurdi \u00fche Euroopa suurima lennujaama argip\u00e4ev purunes, kui mitu t\u00f6\u00f6tajat haigestus malaariasse \u2013 haigusesse, mida Saksamaal peaaegu ei&hellip;\n","protected":false},"author":2,"featured_media":265232,"comment_status":"","ping_status":"","sticky":false,"template":"","format":"standard","meta":{"footnotes":"","_share_on_mastodon":"0"},"categories":[80],"tags":[26,27,37,33,35,34,36,31,32,1707,21,28,29,15397,95,80181,19582,19,25,102984,13680,51,23,24,22,20,30,92,93,94],"class_list":["post-265231","post","type-post","status-publish","format-standard","has-post-thumbnail","category-maailm","tag-breaking-news","tag-breakingnews","tag-ee","tag-eesti","tag-eesti-keel","tag-estonia","tag-estonian","tag-featured-news","tag-featurednews","tag-frankfurt","tag-headlines","tag-latest-news","tag-latestnews","tag-lennureisid","tag-maailm","tag-malaaria","tag-nakkushaigus","tag-news","tag-populaarseimad-lood","tag-rahvatervise-oht","tag-saased","tag-saksamaa","tag-top-stories","tag-topstories","tag-uldised-uudised","tag-uudised","tag-viimased-uudised","tag-world","tag-world-news","tag-worldnews"],"share_on_mastodon":{"url":"https:\/\/pubeurope.com\/@ee\/117191895038652558","error":""},"_links":{"self":[{"href":"https:\/\/www.europesays.com\/ee\/wp-json\/wp\/v2\/posts\/265231","targetHints":{"allow":["GET"]}}],"collection":[{"href":"https:\/\/www.europesays.com\/ee\/wp-json\/wp\/v2\/posts"}],"about":[{"href":"https:\/\/www.europesays.com\/ee\/wp-json\/wp\/v2\/types\/post"}],"author":[{"embeddable":true,"href":"https:\/\/www.europesays.com\/ee\/wp-json\/wp\/v2\/users\/2"}],"replies":[{"embeddable":true,"href":"https:\/\/www.europesays.com\/ee\/wp-json\/wp\/v2\/comments?post=265231"}],"version-history":[{"count":0,"href":"https:\/\/www.europesays.com\/ee\/wp-json\/wp\/v2\/posts\/265231\/revisions"}],"wp:featuredmedia":[{"embeddable":true,"href":"https:\/\/www.europesays.com\/ee\/wp-json\/wp\/v2\/media\/265232"}],"wp:attachment":[{"href":"https:\/\/www.europesays.com\/ee\/wp-json\/wp\/v2\/media?parent=265231"}],"wp:term":[{"taxonomy":"category","embeddable":true,"href":"https:\/\/www.europesays.com\/ee\/wp-json\/wp\/v2\/categories?post=265231"},{"taxonomy":"post_tag","embeddable":true,"href":"https:\/\/www.europesays.com\/ee\/wp-json\/wp\/v2\/tags?post=265231"}],"curies":[{"name":"wp","href":"https:\/\/api.w.org\/{rel}","templated":true}]}}