{"id":265249,"date":"2026-08-31T20:28:12","date_gmt":"2026-08-31T20:28:12","guid":{"rendered":"https:\/\/www.europesays.com\/ee\/265249\/"},"modified":"2026-08-31T20:28:12","modified_gmt":"2026-08-31T20:28:12","slug":"station-narva-festival-toimub-juba-sel-nadalal-programmi-ulevaade-ja-praktilised-nouanded","status":"publish","type":"post","link":"https:\/\/www.europesays.com\/ee\/265249\/","title":{"rendered":"Station Narva festival toimub juba sel n\u00e4dalal: programmi \u00fclevaade ja praktilised n\u00f5uanded"},"content":{"rendered":"<p>Osalus muusikafestivalil Station Narva passi v\u00f5i p\u00e4evapiletiga, Ro-Ro j\u00e4tkupeole p\u00e4\u00e4seb ka kohapeal ostetud 15-eurose piletiga. Lisainfot loe <a target=\"_blank\" rel=\"noopener noreferrer nofollow\" href=\"https:\/\/www.stationnarva.ee\/kava?date=2026-09-04&amp;view=all\">SIIT<\/a>.<\/p>\n<p>Kell 18 saab osaleda ka Narva muuseumi giidituuridel Hermanni linnuses ning noorte kunstnike r\u00fchmituse Carnival Groteske nukun\u00e4idendite maailmast inspireeritud n\u00e4itusel \u00abProov\u00bb muuseumi Reconditoriumi saalis. Buss koos giidiga viib p\u00e4ikeseloojangutuurile Narva \u00abVeneetsiasse\u00bb.<\/p>\n<p><a target=\"_blank\" rel=\"noopener noreferrer nofollow\" href=\"https:\/\/www.stationnarva.ee\/kava?date=2026-09-04&amp;view=all\">Reede kava<\/a><\/p>\n<p>Laup\u00e4ev algab kell 11 traditsioonilise narvap\u00e4rase hommikus\u00f6\u00f6gi ja kohalike juttudega mitteformaalse \u00f5ppe keskuses VitaTiim, kus toimub ka ajakirja Narvamus uue numbri esitlus. Lisainfot loe <a target=\"_blank\" rel=\"noopener noreferrer nofollow\" href=\"https:\/\/www.stationnarva.ee\/programm\/narvaparane-hommikusook\">SIIT<\/a>.<\/p>\n<p>Kell 12.30\u201318.00 kutsub festival avastama Kulgu kanalite ja garaa\u017eide isev\u00e4rki maailma paadi- ja kanuus\u00f5itudel Narva \u00abVeneetsias\u00bb. Pilet 20 eurot. Lisainfot loe <a target=\"_blank\" rel=\"noopener noreferrer nofollow\" href=\"https:\/\/www.stationnarva.ee\/programm\/paadi-ja-kanuusoidud\">SIIT<\/a>.<\/p>\n<p>K\u00f5rvalt\u00e4navas (Remmelga 8) on j\u00e4tkuvalt avatud Pori biennaali n\u00e4itus, kus toimuvad vee\u00e4\u00e4rne performance ja toidut\u00f6\u00f6tuba.<\/p>\n<p>Kell 13.30 esineb \u00abVeneetsias\u00bb tasuta kontserdiga Kosovo muusik La Fazani, tuues kanalite vahele oma hip-hop\u2019i, elektrooniliste biitide ja Albaania rahvamuusikaga v\u00fcrtsitatud lood Balkani v\u00e4rvikast argielust. Lisainfot loe <a target=\"_blank\" rel=\"noopener noreferrer nofollow\" href=\"https:\/\/www.stationnarva.ee\/programm\/linnalava-la-fazani-veneetsias\">SIIT<\/a>.<\/p>\n<p>Kell 14.30 viib Instagrami konto @boringnarva autor huvilised fototuurile linna v\u00e4hem tuntud paikadesse. Pilet 18 eurot. Lisainfot loe <a target=\"_blank\" rel=\"noopener noreferrer nofollow\" href=\"https:\/\/www.stationnarva.ee\/programm\/boringnarva-fototuur\">SIIT<\/a>.<\/p>\n<p>Kell 15 toimub Narva kunstiresidentuuris (NART) maja- ja n\u00e4itusetuur ning kell 16 avatakse n\u00e4itus \u00abJoonest tr\u00fckikangani\u00bb, mis toob kokku Kreenholmi tekstiilikunstnike p\u00e4randmaterjalid ja Eesti Kunstiakadeemia (EKA) tudengite t\u00e4nased tr\u00fckikangad. Lisainfot loe <a target=\"_blank\" rel=\"noopener noreferrer nofollow\" href=\"https:\/\/www.stationnarva.ee\/programm\/eka-naituse-joonest-trukikangani-avamine-nartis\">SIIT<\/a>.<\/p>\n<p>Kell 17 annab Narva linnuse l\u00e4\u00e4nehoovi linnalaval tasuta akustilise kontserdi muusik ja luuletaja EiK koos Mattias Tirmastega. Lisainfot loe <a target=\"_blank\" rel=\"noopener noreferrer nofollow\" href=\"https:\/\/www.stationnarva.ee\/programm\/linnalava-eik-linnuse-hoovis\">SIIT<\/a>.<\/p>\n","protected":false},"excerpt":{"rendered":"Osalus muusikafestivalil Station Narva passi v\u00f5i p\u00e4evapiletiga, Ro-Ro j\u00e4tkupeole p\u00e4\u00e4seb ka kohapeal ostetud 15-eurose piletiga. Lisainfot loe SIIT.&hellip;\n","protected":false},"author":2,"featured_media":265250,"comment_status":"","ping_status":"","sticky":false,"template":"","format":"standard","meta":{"footnotes":"","_share_on_mastodon":"0"},"categories":[16],"tags":[37,33,35,173,34,36,31789,12740,19799,140,102991,2521,3773,2870,101972,31812,31791],"class_list":["post-265249","post","type-post","status-publish","format-standard","has-post-thumbnail","category-meelelahutus","tag-ee","tag-eesti","tag-eesti-keel","tag-entertainment","tag-estonia","tag-estonian","tag-gusgus","tag-jazzkaar","tag-kreenholm","tag-meelelahutus","tag-nart","tag-narva","tag-narva-muuseum","tag-poff","tag-ro-ro-klubi","tag-station-narva","tag-tricky"],"share_on_mastodon":{"url":"https:\/\/pubeurope.com\/@ee\/117192013028063891","error":""},"_links":{"self":[{"href":"https:\/\/www.europesays.com\/ee\/wp-json\/wp\/v2\/posts\/265249","targetHints":{"allow":["GET"]}}],"collection":[{"href":"https:\/\/www.europesays.com\/ee\/wp-json\/wp\/v2\/posts"}],"about":[{"href":"https:\/\/www.europesays.com\/ee\/wp-json\/wp\/v2\/types\/post"}],"author":[{"embeddable":true,"href":"https:\/\/www.europesays.com\/ee\/wp-json\/wp\/v2\/users\/2"}],"replies":[{"embeddable":true,"href":"https:\/\/www.europesays.com\/ee\/wp-json\/wp\/v2\/comments?post=265249"}],"version-history":[{"count":0,"href":"https:\/\/www.europesays.com\/ee\/wp-json\/wp\/v2\/posts\/265249\/revisions"}],"wp:featuredmedia":[{"embeddable":true,"href":"https:\/\/www.europesays.com\/ee\/wp-json\/wp\/v2\/media\/265250"}],"wp:attachment":[{"href":"https:\/\/www.europesays.com\/ee\/wp-json\/wp\/v2\/media?parent=265249"}],"wp:term":[{"taxonomy":"category","embeddable":true,"href":"https:\/\/www.europesays.com\/ee\/wp-json\/wp\/v2\/categories?post=265249"},{"taxonomy":"post_tag","embeddable":true,"href":"https:\/\/www.europesays.com\/ee\/wp-json\/wp\/v2\/tags?post=265249"}],"curies":[{"name":"wp","href":"https:\/\/api.w.org\/{rel}","templated":true}]}}