{"id":265259,"date":"2026-08-31T20:39:11","date_gmt":"2026-08-31T20:39:11","guid":{"rendered":"https:\/\/www.europesays.com\/ee\/265259\/"},"modified":"2026-08-31T20:39:11","modified_gmt":"2026-08-31T20:39:11","slug":"uus-algus-%e2%9f%a9-12-aastane-nikita-sai-tanu-kirurgile-ja-skulptorile-korva-enam-ei-pea-kapuutsi-kandma","status":"publish","type":"post","link":"https:\/\/www.europesays.com\/ee\/265259\/","title":{"rendered":"UUS ALGUS \u27e9 12-aastane Nikita sai t\u00e4nu kirurgile ja skulptorile k\u00f5rva: enam ei pea kapuutsi kandma"},"content":{"rendered":"<p><a target=\"_blank\" rel=\"noopener noreferrer nofollow\" href=\"https:\/\/jupiter.err.ee\/1610023964\/ringvaade\">\u00abRingvaade\u00bb<\/a> kajastas lugu 12-aastasest jalgpalli armastavast Nikitast, kes ei v\u00f5tnud kodust v\u00e4lja minnes kunagi kapuutsi peast ja seda v\u00e4ga ebatavalisel p\u00f5hjusel \u2013 tal ei olnud \u00fchte k\u00f5rva. Sel suvel jooksis Nikita ringi aga uhkelt ilma kapuutsita, sest m\u00f5ned kuud tagasi sai ta endale ka teise k\u00f5rva.<\/p>\n<p>\u00abMuidu k\u00f5ik ikka vahtisid, aga n\u00fc\u00fcd v\u00e4ljas keegi ei vaata. Kes ei tunne meid, siis \u00fcldse ei saa aru, mis on teistmoodi. Kui me \u00f5htul v\u00e4ljas jalutasime, siis ikka inimesed vaatasid ja panid t\u00e4hele. M\u00f5ni laps k\u00fcsis, et et miks tal k\u00f5rva ei ole,\u00bb \u00fctles Nikita ema Larissa.<\/p>\n<p class=\"MsoNormal\">Poisile tulid appi skulptor Viktor Kiss ja T\u00dc k\u00f5rvakliiniku arst-\u00f5ppej\u00f5ud Raiko Tiganik. Skulptor \u00fctles, et k\u00e4iku l\u00e4ks tema j\u00e4rjekorras 20 protot\u00fc\u00fcp. Kirurgi s\u00f5nul on esimene etapp implantaatide paigaldamine oimuluu sisse. P\u00e4rast seda keha paraneb ja v\u00f5tab v\u00f5\u00f5rmaterjali omaks. Teine etapp saabub kolme kuni kuue kuu p\u00e4rast ning sellele j\u00e4rgneb naha \u00fchendamine ning postide paigaldamine, mis l\u00e4bi naha v\u00e4lja tulevad ja mille k\u00fclge k\u00f5rvalestaprotees kinnitub.<\/p>\n<p class=\"MsoNormal\">Sel suvel Pallase kunstikooli l\u00f5petanud ja meditsiinitaustaga skulptori idee t\u00f5ttu kogu protsess alguse saigi.<\/p>\n<p class=\"MsoNormal\">Arsti s\u00f5nul s\u00fcnnib aastas \u00fcks kuni kaks inimest, kellel on k\u00f5rvaga sarnane probleem. Skulptori s\u00f5nul on sarnase probleemiga inimesed temaga juba \u00fchendust v\u00f5tnud.<\/p>\n<p class=\"MsoNormal\">Uus k\u00f5rv ei j\u00e4\u00e4 Nikitale t\u00f5en\u00e4oliselt viimaseks \u2013 ta kasvab kiiresti ning Eesti kliimas l\u00e4heb tal ilmselt vaja ka teist, nn suvek\u00f5rva. Samuti vajab k\u00f5rv hoolt ja puhastamist.<\/p>\n<p class=\"MsoNormal\">Vaata l\u00e4hemalt <a target=\"_blank\" rel=\"noopener noreferrer nofollow\" href=\"https:\/\/jupiter.err.ee\/1610113556\/ringvaade?t=2690\">\u00abRingvaatest\u00bb<\/a>.<\/p>\n","protected":false},"excerpt":{"rendered":"\u00abRingvaade\u00bb kajastas lugu 12-aastasest jalgpalli armastavast Nikitast, kes ei v\u00f5tnud kodust v\u00e4lja minnes kunagi kapuutsi peast ja seda&hellip;\n","protected":false},"author":2,"featured_media":265260,"comment_status":"","ping_status":"","sticky":false,"template":"","format":"standard","meta":{"footnotes":"","_share_on_mastodon":"0"},"categories":[16],"tags":[37,33,35,137,152,153,173,151,34,36,148,154,142,143,140,144,141,146,147,145,138,150,155,139,149],"class_list":["post-265259","post","type-post","status-publish","format-standard","has-post-thumbnail","category-meelelahutus","tag-ee","tag-eesti","tag-eesti-keel","tag-elu","tag-elu-24","tag-elu24-ee","tag-entertainment","tag-erna-husko","tag-estonia","tag-estonian","tag-foto","tag-koroonaviirus","tag-kuulsus","tag-live","tag-meelelahutus","tag-muusika","tag-pidu","tag-pommuudis","tag-reality","tag-saade","tag-saagim","tag-seks","tag-silvia-ilves","tag-staar","tag-video"],"share_on_mastodon":{"url":"https:\/\/pubeurope.com\/@ee\/117192056262974948","error":""},"_links":{"self":[{"href":"https:\/\/www.europesays.com\/ee\/wp-json\/wp\/v2\/posts\/265259","targetHints":{"allow":["GET"]}}],"collection":[{"href":"https:\/\/www.europesays.com\/ee\/wp-json\/wp\/v2\/posts"}],"about":[{"href":"https:\/\/www.europesays.com\/ee\/wp-json\/wp\/v2\/types\/post"}],"author":[{"embeddable":true,"href":"https:\/\/www.europesays.com\/ee\/wp-json\/wp\/v2\/users\/2"}],"replies":[{"embeddable":true,"href":"https:\/\/www.europesays.com\/ee\/wp-json\/wp\/v2\/comments?post=265259"}],"version-history":[{"count":0,"href":"https:\/\/www.europesays.com\/ee\/wp-json\/wp\/v2\/posts\/265259\/revisions"}],"wp:featuredmedia":[{"embeddable":true,"href":"https:\/\/www.europesays.com\/ee\/wp-json\/wp\/v2\/media\/265260"}],"wp:attachment":[{"href":"https:\/\/www.europesays.com\/ee\/wp-json\/wp\/v2\/media?parent=265259"}],"wp:term":[{"taxonomy":"category","embeddable":true,"href":"https:\/\/www.europesays.com\/ee\/wp-json\/wp\/v2\/categories?post=265259"},{"taxonomy":"post_tag","embeddable":true,"href":"https:\/\/www.europesays.com\/ee\/wp-json\/wp\/v2\/tags?post=265259"}],"curies":[{"name":"wp","href":"https:\/\/api.w.org\/{rel}","templated":true}]}}