{"id":265267,"date":"2026-08-31T20:50:15","date_gmt":"2026-08-31T20:50:15","guid":{"rendered":"https:\/\/www.europesays.com\/ee\/265267\/"},"modified":"2026-08-31T20:50:15","modified_gmt":"2026-08-31T20:50:15","slug":"video-%e2%9f%a9-ta-riskib-enda-eluga-lauljanna-maarja-liis-ilus-jattis-saateklipis-turvavoo-kinnitamata-ja-pani-vaatajad-muretsema","status":"publish","type":"post","link":"https:\/\/www.europesays.com\/ee\/265267\/","title":{"rendered":"VIDEO \u27e9 \u00abTa riskib enda eluga!\u00bb Lauljanna Maarja-Liis Ilus j\u00e4ttis saateklipis turvav\u00f6\u00f6 kinnitamata ja pani vaatajad muretsema"},"content":{"rendered":"<p>Laulja J\u00fcri Pootsmanni ja n\u00e4itleja Grete Kulla saate uuest hooajast avaldatud klipp viis saatejuhid k\u00fclla armastatud lauljannale Maarja-Liis Ilusale. L\u00f5busa video juures m\u00e4rkasid t\u00e4helepanelikud vaatajad aga \u00fcht olulist detaili: autos\u00f5idu ajal ei olnud tagaistmel istunud muusikul turvav\u00f6\u00f6 kinnitatud. Ilus ei hakanud eksimust \u00f5igustama, vaid tunnistas juhtunut ja t\u00e4nas inimesi t\u00e4helepanu juhtimise eest.<\/p>\n","protected":false},"excerpt":{"rendered":"Laulja J\u00fcri Pootsmanni ja n\u00e4itleja Grete Kulla saate uuest hooajast avaldatud klipp viis saatejuhid k\u00fclla armastatud lauljannale Maarja-Liis&hellip;\n","protected":false},"author":2,"featured_media":265268,"comment_status":"","ping_status":"","sticky":false,"template":"","format":"standard","meta":{"footnotes":"","_share_on_mastodon":"0"},"categories":[16],"tags":[37,33,35,137,152,153,173,151,34,36,148,154,142,143,140,144,141,146,147,145,138,150,155,139,149],"class_list":["post-265267","post","type-post","status-publish","format-standard","has-post-thumbnail","category-meelelahutus","tag-ee","tag-eesti","tag-eesti-keel","tag-elu","tag-elu-24","tag-elu24-ee","tag-entertainment","tag-erna-husko","tag-estonia","tag-estonian","tag-foto","tag-koroonaviirus","tag-kuulsus","tag-live","tag-meelelahutus","tag-muusika","tag-pidu","tag-pommuudis","tag-reality","tag-saade","tag-saagim","tag-seks","tag-silvia-ilves","tag-staar","tag-video"],"share_on_mastodon":{"url":"https:\/\/pubeurope.com\/@ee\/117192099231386492","error":""},"_links":{"self":[{"href":"https:\/\/www.europesays.com\/ee\/wp-json\/wp\/v2\/posts\/265267","targetHints":{"allow":["GET"]}}],"collection":[{"href":"https:\/\/www.europesays.com\/ee\/wp-json\/wp\/v2\/posts"}],"about":[{"href":"https:\/\/www.europesays.com\/ee\/wp-json\/wp\/v2\/types\/post"}],"author":[{"embeddable":true,"href":"https:\/\/www.europesays.com\/ee\/wp-json\/wp\/v2\/users\/2"}],"replies":[{"embeddable":true,"href":"https:\/\/www.europesays.com\/ee\/wp-json\/wp\/v2\/comments?post=265267"}],"version-history":[{"count":0,"href":"https:\/\/www.europesays.com\/ee\/wp-json\/wp\/v2\/posts\/265267\/revisions"}],"wp:featuredmedia":[{"embeddable":true,"href":"https:\/\/www.europesays.com\/ee\/wp-json\/wp\/v2\/media\/265268"}],"wp:attachment":[{"href":"https:\/\/www.europesays.com\/ee\/wp-json\/wp\/v2\/media?parent=265267"}],"wp:term":[{"taxonomy":"category","embeddable":true,"href":"https:\/\/www.europesays.com\/ee\/wp-json\/wp\/v2\/categories?post=265267"},{"taxonomy":"post_tag","embeddable":true,"href":"https:\/\/www.europesays.com\/ee\/wp-json\/wp\/v2\/tags?post=265267"}],"curies":[{"name":"wp","href":"https:\/\/api.w.org\/{rel}","templated":true}]}}