{"id":265283,"date":"2026-08-31T21:27:15","date_gmt":"2026-08-31T21:27:15","guid":{"rendered":"https:\/\/www.europesays.com\/ee\/265283\/"},"modified":"2026-08-31T21:27:15","modified_gmt":"2026-08-31T21:27:15","slug":"analuus-euroopa-on-venemaaga-juba-paris-sojas-aga-poliitikud-ei-taha-seda-tunnistada","status":"publish","type":"post","link":"https:\/\/www.europesays.com\/ee\/265283\/","title":{"rendered":"Anal\u00fc\u00fcs: Euroopa on Venemaaga juba p\u00e4ris s\u00f5jas, aga poliitikud ei taha seda tunnistada"},"content":{"rendered":"<p>Saksamaalt leitud droonid ja l\u00f5hkeained on seotud oletatava r\u00fcnnakuga Leipzigi lennujaamale. Mustal merel gaasiplatvormi l\u00e4hedal alla tulistatud merev\u00e4e droon. Euroopa kaitseministri vastu seatud atentaadiplaan.<\/p>\n<p>Venemaa kampaania Euroopa vastu tundub \u00fcha jultunum. Ometi k\u00f5hklevad EL-i juhid nimetamast seda s\u00f5jaks, kuigi \u00fcha rohkem julgeolekuametnikke v\u00e4idab, et see meenutab \u00fcha enam s\u00f5da. Selle asemel haaravad nad pehmema v\u00e4ljendi \u2013 \u201eh\u00fcbriids\u00f5da\u201d \u2013, mis v\u00f5imaldab EL-il ja NATO-l v\u00e4ltida s\u00f5jalist vastust, vahendab Politico.<\/p>\n<p>See s\u00f5nastus on sattunud \u00fcha suurema kriitika alla, kuna Moskva suurendab sabotaa\u017ei, k\u00fcberr\u00fcnnakuid ja muid operatsioone kogu Euroopas. V\u00e4ljaandega <a href=\"https:\/\/www.politico.eu\/article\/russias-hybrid-war-on-europe-is-starting-to-look-a-lot-less-hybrid\/\" rel=\"nofollow noopener\" target=\"_blank\">Politico<\/a> r\u00e4\u00e4kinud julgeolekueksperdid, diplomaadid ja kaitseametnikud \u00fctlevad, et \u201eh\u00fcbriid\u201d silt v\u00f5ib alahinnata ohu t\u00f5sidust ja varjata, kui kaugele on vastasseis Venemaaga juba eskaleerunud.<\/p>\n<p>Hea n\u00e4ide: kui Saksa uurijad leidsid selle n\u00e4dala alguses kolmanda drooni koos l\u00f5hkeainetega, mis arvatakse olevat seotud kavandatud lennujaamar\u00fcnnakuga, hoiatas kantsler Friedrich Merz, et tema riik kogeb \u201ev\u00e4ga reaalseid ohte h\u00fcbriidr\u00fcndajate suurenenud kontrolli\u201d ajal.<\/p>\n<p>Euroopa seisab silmitsi \u201eeskaleeruva \u00e4hvarduste kampaaniaga\u201d ja \u201eh\u00fcbriids\u00f5jaga\u201d, hoiatas Euroopa Komisjoni president Ursula von der Leyen 20. augustil p\u00e4rast Musta mere intsidenti <a href=\"https:\/\/x.com\/vonderleyen\/status\/2090400506078175555\" rel=\"nofollow\">sotsiaalmeedias<\/a>.<\/p>\n<p>Aina kasvava sarnaste s\u00fcndmuste ajal \u2013 mis <a href=\"https:\/\/www.wsj.com\/world\/europe\/u-s-intel-finds-putin-could-test-natos-resolve-with-limited-incursion-e3b02e2c\" rel=\"nofollow noopener\" target=\"_blank\">m\u00f5nede luureagentuuride v\u00e4itel<\/a> v\u00f5ivad olla Venemaa otsese r\u00fcnnaku ettevalmistus NATO riigi vastu \u2013 s\u00f5itis CIA direktor John Ratcliffe sel n\u00e4dalal Moskvasse, et hoiatada Kremlit alliansi liikmete r\u00fcndamise eest.<\/p>\n<p>\u201eMe oleme t\u00f5epoolest h\u00fcbriids\u00f5jas, mis pole enam nii \u201eh\u00fcbriidne\u201d,\u201d \u00fctles NATO endine peasekret\u00e4ri aset\u00e4itja ja n\u00fc\u00fcd Euroopa Lennundus-, Julgeoleku- ja Kaitset\u00f6\u00f6stuse Assotsiatsiooni juht Camille Grand.<\/p>\n<p>\u201eMinu [kaitset\u00f6\u00f6stuse] tegevjuhid on viimastel kuudel k\u00f5ik oma isiklikku kaitset suurendanud,\u201d p\u00e4rast Saabi juhi vastu suunatud \u00e4hvardusi ja Saksa kaitset\u00f6\u00f6stuse hiiglase Rheinmetalli tegevjuhi atentaadiplaani, \u00fctles Grand.<\/p>\n<p>Kuid EL-i juhid ja ametnikud tahavad v\u00e4ltida igasuguseid vihjeid, et Venemaa on otsese r\u00fcnnaku l\u00e4vel. \u201eV\u00f5ime v\u00e4ga selgelt \u00f6elda, et Euroopa teenistused ei n\u00e4e Euroopa riikide vastu r\u00fcnnaku ohtu,\u201d \u00fctles k\u00f5rge EL-i ametnik, kellele anti anon\u00fc\u00fcmsus, kuna neil ei ole volitusi ametlikult r\u00e4\u00e4kida.<\/p>\n<p>Juhid kasutavad sageli termineid \u201eh\u00fcbriidoht\u201d v\u00f5i \u201eh\u00fcbriids\u00f5da\u201d, mille p\u00f5hjuseks peetakse sageli endise Pentagoni anal\u00fc\u00fctiku Frank Hoffmani 2007. aasta artiklit. M\u00f5iste on lai, h\u00f5lmates \u201esunni- ja \u00f5\u00f5nestustegevuse, tavap\u00e4raste ja ebatraditsiooniliste meetodite (st diplomaatiliste, s\u00f5jaliste, majanduslike, tehnoloogiliste) segu, mida riiklikud v\u00f5i mitteriiklikud osalejad saavad koordineeritult kasutada konkreetsete eesm\u00e4rkide saavutamiseks, j\u00e4\u00e4des samal ajal ametlikult v\u00e4ljakuulutatud s\u00f5ja piirist allapoole\u201d, vastavalt Euroopa Komisjoni poolt Politicole esitatud definitsioonile.<\/p>\n<p>EL-i ametnik, kellele anti tundlike julgeolekuk\u00fcsimuste arutamiseks anon\u00fc\u00fcmsus, \u00fctles, et \u201eh\u00fcbriidohte\u201d ja \u201eh\u00fcbriids\u00f5da\u201d kasutatakse tegevuste kirjeldamiseks, mis ei ole otsesed r\u00fcnnakud Euroopa s\u00f5jaliste v\u00f5i tsiviilsihtm\u00e4rkide vastu. Need v\u00f5imaldavad EL-il v\u00e4ltida s\u00f5jaseisukorda, seega ei n\u00f5ua need EL-ilt ega NATO-lt s\u00f5jalist vastust. Need vihjavad ka tavap\u00e4rastele ohtudele, arvestades selliste madala astme r\u00fcnnakute ja provokatsioonide levimust Euroopas alates 2000. aastate keskpaigast.<\/p>\n<p>Veel \u00fcks p\u00f5hjus h\u00fcbriidm\u00e4rgise kasutamiseks: igasugune vihje, et Euroopa riigid on s\u00f5jas v\u00f5i otseses konfliktis Venemaaga, v\u00f5ib kaasa tuua suuri majanduslikke tagaj\u00e4rgi, mis sunnib investoreid p\u00f5genema ja kindlustusmaksed muutuvad palju kallimaks.<\/p>\n<p>NATO peasekret\u00e4ri aset\u00e4itja innovatsiooni, h\u00fcbriid- ja k\u00fcberk\u00fcsimuste alal James Appathurai jaoks on see termin t\u00e4iesti sobiv kirjeldamaks seda, mida Venemaa teeb, lubades droonidel ja \u00f5hus\u00f5idukitel rikkuda NATO v\u00f5i EL-i \u00f5huruumi.<\/p>\n<p>\u201eMe kipume kasutama terminit \u201eh\u00fcbriidteod\u201d, sest me oleme kaugel pelgalt ohtudest, nagu n\u00e4eme k\u00fcberr\u00fcnnakute, sabotaa\u017ei ja droonir\u00fcnnakute ulatusest,\u201d \u00fctles ta Politicole. \u201eMe reageerime neile vaenulikele tegudele, n\u00e4iteks kui liitlased koordineerisid Venemaa \u201ediplomaatide\u201d v\u00e4ljasaatmist ja kui me saatsime s\u00f5jalisi vahendeid L\u00e4\u00e4nemerele, et \u00e4ra hoida veealuse infrastruktuuri kahjustamist.\u201d<\/p>\n<p>Kuid kriitikud v\u00e4idavad, et \u201eh\u00fcbriids\u00f5ja\u201d liigne kasutamine m\u00f5rvade ja droonir\u00fcnnakute kirjeldamiseks v\u00f5ib uinutada avalikkuse valesse rahulolutundesse.<\/p>\n<p>\u201ePeaksime r\u00e4\u00e4kima lihtsalt konfliktist,\u201d \u00fctles kaitsetehnoloogiaettev\u00f5tte DataWalk tegevjuht Pawel Wieczynski. \u201eEelmise aasta detsembris oleks [Venemaa] \u00e4\u00e4repealt kogu meie riigi elektriv\u00f5rgu v\u00e4lja l\u00fclitanud. Meid lahutas vaid m\u00f5ni minut elektri t\u00e4ielikust kadumisest. Nad \u00fcritavad \u00f5hkida raudteid \u2013 v\u00e4hemalt \u00fchel juhul edukalt. Nad saadavad l\u00f5hkeainet t\u00e4is pakke. Toimub tohutul hulgal k\u00fcberr\u00fcnnakuid: Poola on Euroopas riik, mille vastu suunatakse k\u00f5ige rohkem k\u00fcberr\u00fcnnakuid.\u201d<\/p>\n<p>\u201eKuidas saab v\u00e4ita, et me ei ole konfliktis, kui v\u00f5\u00f5rriik tapab kodanikke ja laseb \u00f5hku raudteid?\u201d j\u00e4tkas ta, viidates kunstniku ja Vladimir Putini h\u00e4\u00e4leka kriitiku Semjon Skrepetski tapmisele eelmise 2025. aasta juunis.<\/p>\n<p>Grandi jaoks, kes t\u00f6\u00f6tas aastatel 2016\u20132022 NATO peasekret\u00e4ri aset\u00e4itjana, peegeldavad need sagenevad r\u00fcnnakud l\u00e4\u00e4neriikide j\u00e4rk-j\u00e4rgult suurenevat toetust Ukrainale p\u00e4rast Moskva t\u00e4iemahulist sissetungi 2022. aastal. \u201eAlustasime kiivrite ja magamiskottide saatmisest ning j\u00f5udsime kaugmaarakettideni.\u201d<\/p>\n<p>\u201eSee on nagu konna keetmine,\u201d lisas Grand, viidates suutmatusele reageerida kahjulikule olukorrale, mis areneb j\u00e4rk-j\u00e4rgult. \u201eSee, mis eile \u0161okeeris, muutub homme normiks, ja nii edasi, kuni avastad end palju t\u00f5sisemast olukorrast\u2026 Nad kompavad piire.\u201d<\/p>\n<p>\n\tLoe veel:<\/p>\n","protected":false},"excerpt":{"rendered":"Saksamaalt leitud droonid ja l\u00f5hkeained on seotud oletatava r\u00fcnnakuga Leipzigi lennujaamale. Mustal merel gaasiplatvormi l\u00e4hedal alla tulistatud merev\u00e4e&hellip;\n","protected":false},"author":2,"featured_media":265284,"comment_status":"","ping_status":"","sticky":false,"template":"","format":"standard","meta":{"footnotes":"","_share_on_mastodon":"0"},"categories":[80],"tags":[26,27,37,33,35,34,36,31,32,21,28,29,95,19,25,23,24,22,20,30,92,93,94],"class_list":["post-265283","post","type-post","status-publish","format-standard","has-post-thumbnail","category-maailm","tag-breaking-news","tag-breakingnews","tag-ee","tag-eesti","tag-eesti-keel","tag-estonia","tag-estonian","tag-featured-news","tag-featurednews","tag-headlines","tag-latest-news","tag-latestnews","tag-maailm","tag-news","tag-populaarseimad-lood","tag-top-stories","tag-topstories","tag-uldised-uudised","tag-uudised","tag-viimased-uudised","tag-world","tag-world-news","tag-worldnews"],"share_on_mastodon":{"url":"https:\/\/pubeurope.com\/@ee\/117192244872521842","error":""},"_links":{"self":[{"href":"https:\/\/www.europesays.com\/ee\/wp-json\/wp\/v2\/posts\/265283","targetHints":{"allow":["GET"]}}],"collection":[{"href":"https:\/\/www.europesays.com\/ee\/wp-json\/wp\/v2\/posts"}],"about":[{"href":"https:\/\/www.europesays.com\/ee\/wp-json\/wp\/v2\/types\/post"}],"author":[{"embeddable":true,"href":"https:\/\/www.europesays.com\/ee\/wp-json\/wp\/v2\/users\/2"}],"replies":[{"embeddable":true,"href":"https:\/\/www.europesays.com\/ee\/wp-json\/wp\/v2\/comments?post=265283"}],"version-history":[{"count":0,"href":"https:\/\/www.europesays.com\/ee\/wp-json\/wp\/v2\/posts\/265283\/revisions"}],"wp:featuredmedia":[{"embeddable":true,"href":"https:\/\/www.europesays.com\/ee\/wp-json\/wp\/v2\/media\/265284"}],"wp:attachment":[{"href":"https:\/\/www.europesays.com\/ee\/wp-json\/wp\/v2\/media?parent=265283"}],"wp:term":[{"taxonomy":"category","embeddable":true,"href":"https:\/\/www.europesays.com\/ee\/wp-json\/wp\/v2\/categories?post=265283"},{"taxonomy":"post_tag","embeddable":true,"href":"https:\/\/www.europesays.com\/ee\/wp-json\/wp\/v2\/tags?post=265283"}],"curies":[{"name":"wp","href":"https:\/\/api.w.org\/{rel}","templated":true}]}}