{"id":265291,"date":"2026-08-31T21:39:28","date_gmt":"2026-08-31T21:39:28","guid":{"rendered":"https:\/\/www.europesays.com\/ee\/265291\/"},"modified":"2026-08-31T21:39:28","modified_gmt":"2026-08-31T21:39:28","slug":"vagivalla-vastu-%e2%9f%a9-kuus-aastat-hiljem-naib-et-mikk-parnitsa-roosast-kleidist-oli-kasu","status":"publish","type":"post","link":"https:\/\/www.europesays.com\/ee\/265291\/","title":{"rendered":"V\u00c4GIVALLA VASTU \u27e9 Kuus aastat hiljem n\u00e4ib, et Mikk P\u00e4rnitsa roosast kleidist oli kasu"},"content":{"rendered":"<p>V\u00e4givallal on konkreetne aadress, kool, elutuba, trepikoda. V\u00e4givallas on konkreetsed osalised: v\u00e4givallatseja, ohver, pealtn\u00e4gija. Vahel ka \u00e4rahoidja. Just need viimasena mainitud \u2013 ennetajad \u2013 seisid m\u00f6\u00f6dunud n\u00e4dalal pealinnas president Alar Karise ning justiits- ja digiminister Liisa Pakosta ees ning v\u00f5tsid vastu t\u00e4nus\u00f5nu.<\/p>\n<p>Teiste seas anti v\u00e4givallaennetuse auhind P\u00e4rnu S\u00fctevaka humanitaarg\u00fcmnaasiumi \u00f5pilasele Brianna N\u00e4repile.<\/p>\n","protected":false},"excerpt":{"rendered":"V\u00e4givallal on konkreetne aadress, kool, elutuba, trepikoda. V\u00e4givallas on konkreetsed osalised: v\u00e4givallatseja, ohver, pealtn\u00e4gija. Vahel ka \u00e4rahoidja. Just&hellip;\n","protected":false},"author":2,"featured_media":265292,"comment_status":"","ping_status":"","sticky":false,"template":"","format":"standard","meta":{"footnotes":"","_share_on_mastodon":"0"},"categories":[12],"tags":[1687,26,27,37,33,35,34,36,31,32,21,5209,2076,9011,28,29,2860,102995,90199,19,25,102996,57253,102997,102999,23,24,22,20,37890,102998,30],"class_list":["post-265291","post","type-post","status-publish","format-standard","has-post-thumbnail","category-eesti","tag-alar-karis","tag-breaking-news","tag-breakingnews","tag-ee","tag-eesti","tag-eesti-keel","tag-estonia","tag-estonian","tag-featured-news","tag-featurednews","tag-headlines","tag-justiits-ja-digiministeerium","tag-kersti-kaljulaid","tag-lahisuhtevagivald","tag-latest-news","tag-latestnews","tag-liisa-pakosta","tag-marjanne-ubaleht","tag-mikk-parnits","tag-news","tag-populaarseimad-lood","tag-raivo-aeg","tag-riho-uhtegi","tag-see-pole-okei","tag-seksuaalse-enesemaaramise-vanusepiir","tag-top-stories","tag-topstories","tag-uldised-uudised","tag-uudised","tag-vabariigi-president","tag-vagivallaennetuse-auhind","tag-viimased-uudised"],"share_on_mastodon":{"url":"","error":"Validation failed: Text character limit of 500 exceeded"},"_links":{"self":[{"href":"https:\/\/www.europesays.com\/ee\/wp-json\/wp\/v2\/posts\/265291","targetHints":{"allow":["GET"]}}],"collection":[{"href":"https:\/\/www.europesays.com\/ee\/wp-json\/wp\/v2\/posts"}],"about":[{"href":"https:\/\/www.europesays.com\/ee\/wp-json\/wp\/v2\/types\/post"}],"author":[{"embeddable":true,"href":"https:\/\/www.europesays.com\/ee\/wp-json\/wp\/v2\/users\/2"}],"replies":[{"embeddable":true,"href":"https:\/\/www.europesays.com\/ee\/wp-json\/wp\/v2\/comments?post=265291"}],"version-history":[{"count":0,"href":"https:\/\/www.europesays.com\/ee\/wp-json\/wp\/v2\/posts\/265291\/revisions"}],"wp:featuredmedia":[{"embeddable":true,"href":"https:\/\/www.europesays.com\/ee\/wp-json\/wp\/v2\/media\/265292"}],"wp:attachment":[{"href":"https:\/\/www.europesays.com\/ee\/wp-json\/wp\/v2\/media?parent=265291"}],"wp:term":[{"taxonomy":"category","embeddable":true,"href":"https:\/\/www.europesays.com\/ee\/wp-json\/wp\/v2\/categories?post=265291"},{"taxonomy":"post_tag","embeddable":true,"href":"https:\/\/www.europesays.com\/ee\/wp-json\/wp\/v2\/tags?post=265291"}],"curies":[{"name":"wp","href":"https:\/\/api.w.org\/{rel}","templated":true}]}}