{"id":265297,"date":"2026-08-31T21:51:16","date_gmt":"2026-08-31T21:51:16","guid":{"rendered":"https:\/\/www.europesays.com\/ee\/265297\/"},"modified":"2026-08-31T21:51:16","modified_gmt":"2026-08-31T21:51:16","slug":"ukraina-endine-sojavang-sojakuritegude-eiramine-havitab-rahvusvahelise-oiguse-eesti","status":"publish","type":"post","link":"https:\/\/www.europesays.com\/ee\/265297\/","title":{"rendered":"Ukraina endine s\u00f5javang: s\u00f5jakuritegude eiramine h\u00e4vitab rahvusvahelise \u00f5iguse | Eesti"},"content":{"rendered":"<p>Tahaksin alustada veidi \u00fcldisema k\u00fcsimusega. Kuidas teile tundub, kuidas s\u00f5da praegu kulgeb? Milline on olukord rindel ja milline on meeleolu Ukraina \u00fchiskonnas?<\/p>\n<p>See on muidugi \u00fcsna keeruline k\u00fcsimus, sest olukord on mitmetahuline. \u00dchelt poolt \u00fctleb ainu\u00fcksi see t\u00f5siasi, et oleme suutnud Venemaa agressioonile vastu seista juba viiendat aastat, nii m\u00f5ndagi nii Ukraina kui ka Venemaa kohta. Ma arvan, et me k\u00f5ik m\u00e4letame esialgseid prognoose, et venelased saavutavad \u00fclekaalu m\u00f5ne p\u00e4eva v\u00f5i ehk paari n\u00e4dalaga, kuid nad ei suuda siiani saavutada kontrolli isegi nende territooriumide \u00fcle, kust nad oma sissetungi alustasid, nagu n\u00e4iteks riigi idaosas. Nii et teatud m\u00f5ttes r\u00e4\u00e4gitakse Ukrainas, et see on juba v\u00f5it, sest Venemaa pole oma eesm\u00e4rke saavutanud, ja on ilmne, et ta ei suudagi neid saavutada \u2013 olgu selleks siis Ukraina kaardilt kustutamine v\u00f5i marionettvalitsuse paigaldamine.<\/p>\n<p>Teisalt on see muidugi kurnamiss\u00f5da ja riik on v\u00e4sinud. On arusaadav, et me poleks suutnud k\u00f5iki neid aastaid vastu pidada ilma rahvusvahelise solidaarsuse ja toetuseta, ning oleme selle eest t\u00f5eliselt t\u00e4nulikud.<\/p>\n<p>Samuti pean kasutama juhust, et t\u00e4nada eestlasi, sest Eesti on \u00fcks meie s\u00f5pradest ja liitlastest. Kuid ressursid on Ukraina ja Venemaa puhul v\u00f5rreldamatud. Me n\u00e4eme puudust&#8230; Mulle ei meeldi r\u00e4\u00e4kida inimestest kui ressurssidest, aga s\u00f5jaajal on puudus inimressursist ja see on keeruline.<\/p>\n<p>Me elame \u00fcle tohutut trag\u00f6\u00f6diat. Mis puutub rindejoonde, siis n\u00e4eme, et Ukraina on \u00f5ppinud inimj\u00f5u nappuse tingimustes andma as\u00fcmmeetrilisi vastuseid. Me kasutame tehnoloogiat ja see on droonide s\u00f5da, seega on olukord peaaegu patiseisus. Venelased k\u00fcll edenevad teatud rindel\u00f5ikudes, sealhulgas m\u00f5nel \u00fcliolulisel territooriumil, kuid ka Ukraina on edasi liikunud ja taastanud kontrolli m\u00e4rkimisv\u00e4\u00e4rse osa territooriumi \u00fcle. Seega on tegemist pikaleveninud s\u00f5jaga ja kahjuks ei paista praegu l\u00e4hitulevikus sellele mingit l\u00f5ppu.<\/p>\n<p>Millist toetust Ukraina praegu partneritelt k\u00f5ige enam vajab?<\/p>\n<p>Me m\u00f5istame, et suudame \u00fchiskonnana toimida t\u00e4nu rahvusvahelisele rahalisele toetusele, eelk\u00f5ige Euroopa Liidult ja meie partneritelt, mis on v\u00e4ga oluline. Aga kuna r\u00e4\u00e4gime s\u00f5jast, siis esimene asi on s\u00f5jaline toetus. S\u00f5jav\u00e4e rahaline toetamine. Praegu n\u00e4eme, et suudaksime toota rohkem relvi, sealhulgas droone, kui meil oleks rohkem rahalisi vahendeid.<\/p>\n<p>Samuti on pidev vajadus varustuse j\u00e4rele. See on arusaadav. Ja muidugi surve Venemaale, sest praegune \u00fcldine arusaam \u2013 v\u00e4hemalt Ukrainas, aga usun, et ka rahvusvaheliselt \u2013 on see, et Venemaa juhtkond ei n\u00e4ita \u00fcles mingit tahet seda s\u00f5da l\u00e4hiajal l\u00f5petada. Me peame tegema s\u00f5ja pidamise nende jaoks liiga kalliks. Ja seda saab saavutada vaid koosk\u00f5lastatud tegevusega nii rindel Ukrainas kui ka poliitilise, diplomaatilise ja majandusliku survega Venemaale, sealhulgas sanktsioonidega.<\/p>\n<p>Te juba mainisite, et Ukraina on kurnatud ja president Volod\u00f5m\u00f5r Zelenski on \u00f6elnud, et just ukrainlased hoiavad Euroopa rinnet, kuid ukrainlased on samuti inimesed, mitte terminaatorid ja on vale eeldada, et see saab olla p\u00fcsiv lahendus. Mida te sellest \u00fctlusest arvate?<\/p>\n<p>See on \u00fcks neist hetkedest, mil ma h\u00e4rra Zelenskiga n\u00f5ustun. Teatud aja jooksul, n\u00e4iteks eelmisel aastal, kuulsin ma teistes riikides \u2013 eriti teistes Euroopa riikides \u2013 palju juttu ukrainlaste vastupanuv\u00f5imest. See on olemas. Ukraina on vastupidav, kuid ukrainlastele endile on praegusel ajal vahel raske seda juttu kuulata, sest see v\u00f5ib luua valeettekujutuse, et ukrainlased peavad k\u00f5igele vastu, et nad suudavad \u00fcle elada isegi k\u00f5ige raskemad tingimused. Ukrainlased on inimesed ja inimesed v\u00f5ivad murduda. Me ju n\u00e4eme, et nii paljud inimesed on nende aastate jooksul l\u00e4bi elanud isiklikke ja kollektiivseid trag\u00f6\u00f6diaid. Nii et seda arusaama vastupanuv\u00f5imest tuleks toetada, hoida ja teatud m\u00e4\u00e4ral kaitsta.<\/p>\n<p>Ukraina peab endiselt vastu ning arvamusk\u00fcsitluste, aga ka igap\u00e4evase suhtluse p\u00f5hjal hoiab valdav enamus ukrainlasi endiselt oma positsiooni. Nad ei taha r\u00e4\u00e4kida rahust iga hinna eest, sest \u00fcldiselt m\u00f5istetakse, et rahu iga hinna eest t\u00e4hendaks kaotust. See ei ole kindlasti s\u00f5da territooriumi p\u00e4rast. Venemaa ei vaja rohkem territooriumi. Venemaa ei tea isegi, mida omaenda territooriumiga peale hakata \u2013 see on liiga suur. Kuid see on maailmavaadete ja v\u00e4\u00e4rtuste s\u00f5da. Enamik ukrainlasi seisab oma v\u00e4\u00e4rtuste eest ning me usume, et jagame neid v\u00e4\u00e4rtusi ka teiste riikide inimestega: inimv\u00e4\u00e4rikus, austus inim\u00f5iguste vastu ning soov elada vabalt, vastastikuses austuses ja ilma hirmuta. Me kaitseme neid, kuid me peame seda tegema koos.<\/p>\n<p>M\u00f5ned inimesed, kes maksavad selles s\u00f5jas v\u00e4ga k\u00f5rget hinda ja kelle saatus on teile eriti s\u00fcdamel\u00e4hedane, on s\u00f5javangid ja kinnipeetud tsiviilisikud. Kui palju inimesi umbkaudu praegu sellises olukorras on?<\/p>\n<p>Viimaste avalikustatud hinnangute kohaselt on Venemaa vangistuses \u00fcle 7000 Ukraina s\u00f5javangi. Samas peaksime meeles pidama, et Venemaa ei teata k\u00f5igist Ukraina s\u00f5javangidest rahvusvahelistele organisatsioonidele, n\u00e4iteks Rahvusvahelisele Punase Risti Komiteele, ja nad on loetletud teadmata kadunutena. Seega r\u00e4\u00e4gime t\u00f5en\u00e4oliselt suuremast arvust. M\u00f5nede valitsusv\u00e4liste organisatsioonide hinnangul on see arv 10 000, seega kuskil 7000 ja 10 000 vahel. Kuid seda siis, kui r\u00e4\u00e4gime Ukraina s\u00f5jav\u00e4elastest Venemaa vangistuses.<\/p>\n<p>Lisaks on ka tsiviilisikutest kinnipeetavad, keda Venemaa agressorid Ukraina okupeeritud aladel kinni pidasid, ja siin me tegelikult numbreid ei tea. Nimeliselt on tuvastatud umbes 2000 tsiviilisikut, kelle venelased kinni pidasid. Kuid paljud inimesed lihtsalt kadusid. Nad viidi niinimetatud filtratsiooniprotseduuridele v\u00f5i nad lihtsalt kadusid t\u00e4navatelt ja kui nende sugulased p\u00f6\u00f6rduvad okupatsiooniv\u00f5imude poole, saavad nad vastuseks: me ei tea, kus see inimene on.<\/p>\n<p>Kui olin Venemaa vangistuses, sattusin \u00fchel hetkel samasse kambrisse mitme tsiviilisikuga, kes olid selle l\u00e4bi teinud, ja nad muretsesid, et nende l\u00e4hedased ei tea, kus nad on. Ukraina ombudsman hindas kinnipeetud tsiviilisikute arvuks 16 000. Kuid tegelikult me ei tea.<\/p>\n<p>Teid v\u00f5eti s\u00f5durina vangi ja veetsite vangistuses \u00fcle kahe aasta. Kuidas te seda kirjeldaksite, kui te soovite sellest r\u00e4\u00e4kida?<\/p>\n<p>Mul ei ole midagi sellel teemal r\u00e4\u00e4kimise vastu, sest ma arvan, et see on midagi, millest inimesed peaksid teadma. Samuti m\u00f5istan, et mul vedas \u2013 mitmes m\u00f5ttes. Eelk\u00f5ige seet\u00f5ttu, et mind vabastati p\u00e4rast kahte aastat ja nelja kuud Venemaa vangistust. Mind vabastati \u00fche vangide vahetuse k\u00e4igus. Kuid enamik neist Ukraina s\u00f5javangidest, kellega koos ma vangistuses olin \u2013 v\u00f5i v\u00e4hemalt paljud neist \u2013, on endiselt seal.<\/p>\n<p>Ma m\u00f5istan, et pean sellest r\u00e4\u00e4kima, sest nemad ei saa enda eest r\u00e4\u00e4kida. Me tegelikult ei teadnud, mida oodata, kui meid vangi v\u00f5eti. See juhtus 2022. aasta juunis riigi idaosas, Luhanski oblastis. Ma teadsin rahvusvahelisest humanitaar\u00f5igusest, Genfi III konventsioonist, mis reguleerib s\u00f5javangide kohtlemist. Teadsin, et Venemaa ei j\u00e4rgi ega austa seda, kuid ma ei teadnud, mis m\u00e4\u00e4ral. Tundub, et Genfi III konventsioonis pole \u00fchtegi punkti, mida ei rikutaks.<\/p>\n<p>Esimene asi, mida Venemaa vangistuses tajud, on hirmu ja v\u00e4givalla \u00f5hkkond. See on esimene asi, mis Ukraina s\u00f5javangidele luuakse.<\/p>\n<p>Oli erinevaid perioode ja esimesed paar kuud olid k\u00f5ige raskemad, sest seal oli v\u00e4givalda, peksmisi ja meid allutati kurnavatele f\u00fc\u00fcsilistele harjutustele. Loomulikult sunniti meid Venemaa h\u00fcmni p\u00e4he \u00f5ppima ja seda k\u00e4su peale laulma. Toitu oli v\u00e4he, see oli halb ja portsjonid v\u00e4ga v\u00e4ikesed, nii et valitses n\u00e4lg. H\u00fcgieeni polnud, meile ei antud h\u00fcgieenitarbeid. Meil ei olnud p\u00f5him\u00f5tteliselt mitte midagi \u2013 isegi tualettpaberit polnud. See oli raske aeg.<\/p>\n<p>Siis hakkas olukord muutuma, kuid selleks ajaks otsustasid minu vangistajad, et mind ei piisa lihtsalt s\u00f5javangina hoida, ning nad m\u00f5istsid mind s\u00fc\u00fcdi fabritseeritud kriminaalasjas. Mulle m\u00e4\u00e4rati 13-aastane vanglakaristus ja hiljem kohtasin ka teisi Ukraina s\u00f5javange, kelle vastu olid samuti kokku pandud valekriminaalasjad ja kes m\u00f5isteti pikkadeks aastateks vangi.<\/p>\n<p>See on s\u00fcsteemne, see pole midagi eraldiseisvat. Seda juhtub paljudes kohtades ja enamik neist juhtumitest on lihtsalt v\u00e4lja m\u00f5eldud. Esimene inimene, kellele ma p\u00e4rast \u00fclekuulamist selles v\u00e4idetavas kriminaalasjas m\u00f5tlesin, kui mind vangikongi tagasi viidi, oli minu vanavanaisa, kes tapeti 1938. aastal Stalini suure terrori ajal &#8220;rahvavaenlasena&#8221;. Hiljem sain ma ligip\u00e4\u00e4su tema toimikule \u2013 see oli t\u00e4ielikult fabritseeritud juhtum. M\u00f5tlesin, et milline iroonia: seesama s\u00fcsteem \u2013 sest see on t\u00f5esti seesama s\u00fcsteem \u2013 fabritseeris rohkem kui 80 aastat hiljem naaberpiirkonnas Ukrainas kriminaalasja tema lapselapselapse vastu. Ja samuti kaasnes sellega karistus \u2013 mitte surmanuhtlus, vaid pikaajaline vangistus \u2013, sest s\u00fcsteem on j\u00e4\u00e4nud samaks.<\/p>\n<p>Usun, et meie vastupanu \u00fcks eesm\u00e4rke on see s\u00fcsteem l\u00f5plikult purustada. Vangistuse tingimused erinevad asukohati. M\u00f5nes kohas on need halvad, teises veel halvemad. Kuid Venemaa vangistuss\u00fcsteemi \u00fcldine joon on see, et seda viiakse l\u00e4bi t\u00e4ielikus vastuolus rahvusvahelise humanitaar\u00f5igusega. Ja nii nad j\u00e4tkavadki.<\/p>\n<p>Inim\u00f5igusorganisatsioonid on \u00f6elnud, et selline piinamine ja k\u00f5ik see, mida te mainisite, on Venemaa vangistuses s\u00fcsteemne. Milline peaks v\u00e4lja n\u00e4gema vastutusele v\u00f5tmine ja miks on see oluline, isegi kui me ei saa ehk neid kurjategijaid l\u00f5puks karistada? Miks on oluline p\u00fc\u00fcda r\u00e4\u00e4kida \u00f5iglusest ja miks on oluline neid asju uurida?<\/p>\n<p>Ma usun, et on \u00fclioluline p\u00fc\u00fcda jalule seada \u00f5iglus. Ukraina \u00fchiskonnas on praegu tohutu n\u00f5udlus \u00f5igluse j\u00e4rele v\u00e4ga erinevatel tasanditel, eriti mis puudutab s\u00f5jakuritegusid ja inimsusevastaseid kuritegusid, mida panevad toime Venemaa okupandid. Osa sellest on kuriteod s\u00f5javangide ja kinnipeetud tsiviilisikute vastu \u2013 need on s\u00f5jakuriteod ja rahvusvahelise \u00f5iguse, sealhulgas humanitaar\u00f5iguse rikkumised. Kui me j\u00e4tame need niisama, kui me neid ei uuri, kui me ei p\u00fc\u00fca s\u00fc\u00fcdlasi vastutusele v\u00f5tta, siis me mitte ainult ei j\u00e4ta kuritegusid karistuseta, vaid julgustame ka teisi kurjategijaid neid kordama.<\/p>\n<p>Me n\u00e4itaksime sellega, et \u00f5iglus ja rahvusvaheline \u00f5igus ei t\u00e4henda midagi ja seda me ei saa endale lubada. Nii et me peame seda tegema. Seda praegu ka tehakse. Ukraina \u00f5iguskaitseasutustes ja kohtutes on kriminaalasju. Venemaa kurjategijaid m\u00f5istetakse s\u00fc\u00fcdi tagaselja, aga m\u00f5istetakse.<\/p>\n<p>Muidugi on olemas ka rahvusvahelised mehhanismid. M\u00f5nes riigis kehtib universaalne jurisdiktsioon, mida saab kasutada ja vahel ka kasutatakse. Nii keeruline kui olukord rahvusvahelise kriminaalkohtuga praegu ka poleks, on see ainulaadne institutsioon, mis suudab s\u00fc\u00fcdlased tegelikult kohtu ette tuua. Isegi kui nad j\u00e4\u00e4vad lihtsalt Venemaale ega lahku kunagi oma riigist hirmust arreteerimise ees, n\u00e4itab see neile, et nende kuritegusid pole unustatud ja nad peavad vastutama. Ma arvan, et see on v\u00e4ga oluline.<\/p>\n","protected":false},"excerpt":{"rendered":"Tahaksin alustada veidi \u00fcldisema k\u00fcsimusega. Kuidas teile tundub, kuidas s\u00f5da praegu kulgeb? Milline on olukord rindel ja milline&hellip;\n","protected":false},"author":2,"featured_media":265298,"comment_status":"","ping_status":"","sticky":false,"template":"","format":"standard","meta":{"footnotes":"","_share_on_mastodon":"0"},"categories":[5],"tags":[26,27,37,33,35,34,36,31,32,21,28,29,103001,19,25,30601,23,24,262,124,22,20,96,24207,30,1268],"class_list":["post-265297","post","type-post","status-publish","format-standard","has-post-thumbnail","category-uldised-uudised","tag-breaking-news","tag-breakingnews","tag-ee","tag-eesti","tag-eesti-keel","tag-estonia","tag-estonian","tag-featured-news","tag-featurednews","tag-headlines","tag-latest-news","tag-latestnews","tag-maksom-butkevots","tag-news","tag-populaarseimad-lood","tag-sojavangid","tag-top-stories","tag-topstories","tag-ukraina","tag-ukraina-soda","tag-uldised-uudised","tag-uudised","tag-venemaa","tag-venemaa-vangid","tag-viimased-uudised","tag-volodomor-zelenski"],"share_on_mastodon":{"url":"https:\/\/pubeurope.com\/@ee\/117192339162065051","error":""},"_links":{"self":[{"href":"https:\/\/www.europesays.com\/ee\/wp-json\/wp\/v2\/posts\/265297","targetHints":{"allow":["GET"]}}],"collection":[{"href":"https:\/\/www.europesays.com\/ee\/wp-json\/wp\/v2\/posts"}],"about":[{"href":"https:\/\/www.europesays.com\/ee\/wp-json\/wp\/v2\/types\/post"}],"author":[{"embeddable":true,"href":"https:\/\/www.europesays.com\/ee\/wp-json\/wp\/v2\/users\/2"}],"replies":[{"embeddable":true,"href":"https:\/\/www.europesays.com\/ee\/wp-json\/wp\/v2\/comments?post=265297"}],"version-history":[{"count":0,"href":"https:\/\/www.europesays.com\/ee\/wp-json\/wp\/v2\/posts\/265297\/revisions"}],"wp:featuredmedia":[{"embeddable":true,"href":"https:\/\/www.europesays.com\/ee\/wp-json\/wp\/v2\/media\/265298"}],"wp:attachment":[{"href":"https:\/\/www.europesays.com\/ee\/wp-json\/wp\/v2\/media?parent=265297"}],"wp:term":[{"taxonomy":"category","embeddable":true,"href":"https:\/\/www.europesays.com\/ee\/wp-json\/wp\/v2\/categories?post=265297"},{"taxonomy":"post_tag","embeddable":true,"href":"https:\/\/www.europesays.com\/ee\/wp-json\/wp\/v2\/tags?post=265297"}],"curies":[{"name":"wp","href":"https:\/\/api.w.org\/{rel}","templated":true}]}}