{"id":265299,"date":"2026-08-31T21:58:23","date_gmt":"2026-08-31T21:58:23","guid":{"rendered":"https:\/\/www.europesays.com\/ee\/265299\/"},"modified":"2026-08-31T21:58:23","modified_gmt":"2026-08-31T21:58:23","slug":"ogier-vabandas-paraguay-ja-fia-presidendi-ees-2","status":"publish","type":"post","link":"https:\/\/www.europesays.com\/ee\/265299\/","title":{"rendered":"Ogier vabandas Paraguay ja FIA presidendi ees"},"content":{"rendered":"<p>42-aastase Ogier mured Paraguay etapil algasid juba avakatsetel, kui ta l\u00f5hkus rehvid ja tema masinal purunes ka vedrustus, mis sundis ta avap\u00e4eva katkestama. Seej\u00e4rel kritiseeris prantslane teravalt rehvitootjat <a rel=\"noopener nofollow\" target=\"_blank\" href=\"https:\/\/www.delfi.ee\/teema\/96866595\/hankook\" data-rel-date-range=\"[]\">Hankooki<\/a> ja WRC-d. <\/p>\n<p>\u201eAusalt \u00f6eldes olen natuke s\u00f5natu. See pole absoluutselt <a rel=\"noopener nofollow\" target=\"_blank\" href=\"https:\/\/www.delfi.ee\/teema\/23049339\/wrc\" tag-id=\"23049339\">WRC<\/a>-le v\u00e4\u00e4riline. Kogu aeg on puhas loterii ja see on t\u00e4iesti vastuv\u00f5etamatu,\u201c kurjustas Ogier. \u201eKeerukus on \u00fcks asi, kuid loterii on selle halb k\u00fclg. Keeruline ralli v\u00f5ib olla l\u00f5bus, aga loterii mitte. Praegu tundub see rohkem viimase moodi.\u201c <\/p>\n<p>P\u00fchap\u00e4eval m\u00f5ned tunnid p\u00e4rast ralli l\u00f5ppu avaldas Ogier oma k\u00e4itumise kohta sotsiaalmeedias ametliku vabanduse.  <\/p>\n<p>\u201eP\u00e4rast s\u00fcndmusterohket ja v\u00e4ga h\u00e4sti korraldatud Paraguay rallit tahaksin avalikult vabandada eilse p\u00e4rastl\u00f5unase ebakorrektse suhtluse p\u00e4rast FIA presidendi Mohammed Ben Sulayemi ja Paraguay presidendi Santiago Pe\u00f1aga. See polnud \u00f5ige hetk ega \u00f5ige toon, kui ma oma muret meistriv\u00f5istluste p\u00e4rast v\u00e4ljendasin,\u201c teatas Ogier oma avalduses.<\/p>\n<p>Prantslane lisas, et sai laup\u00e4eva \u00f5htul v\u00f5imaluse m\u00f5lema presidendi ees ka isiklikult vabandust paluda ning sellele j\u00e4rgnes v\u00e4ga konstruktiivne kohtumine. <\/p>\n<p>\u201eSee oli tegelikult suurep\u00e4rane hetk r\u00e4\u00e4kida FIA presidendi Ben Sulayemiga ja k\u00e4sitleda m\u00f5nda valdkonda, mis meie spordis vajavad t\u00e4helepanu ja parendamist. Koos seadsime m\u00f5ned eesm\u00e4rgid, mille elluviimist ma ootan huviga ralli parema tuleviku nimel,\u201c l\u00f5petas Ogier oma avalduse. <\/p>\n<p>Kuidas see lugu Sind end tundma pani?Saada<a href=\"https:\/\/sport.delfi.ee\/artikkel\/120607339\/ogier-vabandas-paraguay-ja-fia-presidendi-ees\/kommentaarid\" class=\"button button--primary button--size-auto article-body-bottom__comment article-body-bottom__comment--write\" style=\"\" rel=\"nofollow noopener\" target=\"_blank\">Kommenteeri<\/a><a href=\"https:\/\/sport.delfi.ee\/artikkel\/120607339\/ogier-vabandas-paraguay-ja-fia-presidendi-ees\/kommentaarid\" class=\"button button--size-auto article-body-bottom__comment article-body-bottom__comment--read\" style=\"\" rel=\"nofollow noopener\" target=\"_blank\">Loe kommentaare (7)<\/a><\/p>\n","protected":false},"excerpt":{"rendered":"42-aastase Ogier mured Paraguay etapil algasid juba avakatsetel, kui ta l\u00f5hkus rehvid ja tema masinal purunes ka vedrustus,&hellip;\n","protected":false},"author":2,"featured_media":265300,"comment_status":"","ping_status":"","sticky":false,"template":"","format":"standard","meta":{"footnotes":"","_share_on_mastodon":"0"},"categories":[18],"tags":[1526,37,33,35,34,36,31806,3000,159,158,1192],"class_list":["post-265299","post","type-post","status-publish","format-standard","has-post-thumbnail","category-sport","tag-autoralli","tag-ee","tag-eesti","tag-eesti-keel","tag-estonia","tag-estonian","tag-mohammed-ben-sulayem","tag-sebastien-ogier","tag-sport","tag-sports","tag-wrc"],"share_on_mastodon":{"url":"https:\/\/pubeurope.com\/@ee\/117192366903782769","error":""},"_links":{"self":[{"href":"https:\/\/www.europesays.com\/ee\/wp-json\/wp\/v2\/posts\/265299","targetHints":{"allow":["GET"]}}],"collection":[{"href":"https:\/\/www.europesays.com\/ee\/wp-json\/wp\/v2\/posts"}],"about":[{"href":"https:\/\/www.europesays.com\/ee\/wp-json\/wp\/v2\/types\/post"}],"author":[{"embeddable":true,"href":"https:\/\/www.europesays.com\/ee\/wp-json\/wp\/v2\/users\/2"}],"replies":[{"embeddable":true,"href":"https:\/\/www.europesays.com\/ee\/wp-json\/wp\/v2\/comments?post=265299"}],"version-history":[{"count":0,"href":"https:\/\/www.europesays.com\/ee\/wp-json\/wp\/v2\/posts\/265299\/revisions"}],"wp:featuredmedia":[{"embeddable":true,"href":"https:\/\/www.europesays.com\/ee\/wp-json\/wp\/v2\/media\/265300"}],"wp:attachment":[{"href":"https:\/\/www.europesays.com\/ee\/wp-json\/wp\/v2\/media?parent=265299"}],"wp:term":[{"taxonomy":"category","embeddable":true,"href":"https:\/\/www.europesays.com\/ee\/wp-json\/wp\/v2\/categories?post=265299"},{"taxonomy":"post_tag","embeddable":true,"href":"https:\/\/www.europesays.com\/ee\/wp-json\/wp\/v2\/tags?post=265299"}],"curies":[{"name":"wp","href":"https:\/\/api.w.org\/{rel}","templated":true}]}}